{"id":7900,"date":"2014-12-11T11:37:57","date_gmt":"2014-12-11T10:37:57","guid":{"rendered":"http:\/\/www.frankensicht.de\/?p=7900"},"modified":"2024-01-24T08:48:41","modified_gmt":"2024-01-24T07:48:41","slug":"scharf-rund-17-milliarden-euro-fuer-umwelt-und-verbraucherschutz-in-bayern","status":"publish","type":"post","link":"https:\/\/www.frankensicht.de\/?p=7900","title":{"rendered":"Scharf: Rund 1,7 Milliarden Euro f\u00fcr Umwelt und Verbraucherschutz in Bayern"},"content":{"rendered":"<p><span style=\"color: #ff0000;\">M\u00fcnchen:<\/span><\/p>\n<p>Scharf: Rund 1,7 Milliarden Euro f\u00fcr Umwelt und Verbraucherschutz in Bayern<\/p>\n<p>Der Doppelhaushalt 2015\/2016 des Umwelt- und Verbraucherschutzministeriums setzt wichtige Schwerpunkte bei Natur-, Hochwasser- und Klimaschutz. Zum Beschluss des Landtags betonte Staatsministerin Ulrike Scharf: &#8222;Die Bewahrung der Sch\u00f6pfung und der Erhalt der nat\u00fcrlichen Lebensgrundlagen ist Kern der Gestaltung unserer Zukunft. Wir wollen den Verbraucherschutz st\u00e4rken durch schnelle Informationen und Schutz der B\u00fcrger, wo sie sich selbst nicht sch\u00fctzen k\u00f6nnen. In den n\u00e4chsten beiden Jahren stellt der Freistaat rund 1,7 Milliarden Euro f\u00fcr Umwelt- und Verbraucherschutz zur Verf\u00fcgung. Wir bekennen uns damit zu Generationenverantwortung und Nachhaltigkeit.&#8220; Ein wichtiger Eckpfeiler der bayerischen Umweltpolitik im Jahr 2015 ist der Klimaschutz. &#8222;Klimaschutz ist eine Generationenaufgabe, die nur gemeinsam gelingen kann. Ziel der bayerischen Klima-politik ist es, den Aussto\u00df von Treibhausgasen bayernweit bis 2050 auf weniger als zwei Tonnen pro Kopf und Jahr zu senken. Deshalb stellen wir zus\u00e4tzliche Mittel f\u00fcr das bayerische Klimaprogramm zur Verf\u00fcgung&#8220;, so Scharf. Damit soll beispielsweise in den kommenden Jahren die Renaturierung von insgesamt 50 Mooren als wichtige Kohlenstoffspeicher abgeschlossen werden. Fast 170 Millionen Euro stehen im Doppelhaushalt f\u00fcr das Klimaprogramm Bayern 2050 bereit.<\/p>\n<p><a href=\"https:\/\/www.frankensicht.de\/?attachment_id=7631\" rel=\"attachment wp-att-7631\"><img loading=\"lazy\" decoding=\"async\" class=\"alignnone size-medium wp-image-7631\" src=\"https:\/\/www.frankensicht.de\/wp-content\/uploads\/2014\/09\/deutschlandfahne-300x180.png\" alt=\"deutschlandfahne\" width=\"300\" height=\"180\" srcset=\"https:\/\/www.frankensicht.de\/wp-content\/uploads\/2014\/09\/deutschlandfahne-300x180.png 300w, https:\/\/www.frankensicht.de\/wp-content\/uploads\/2014\/09\/deutschlandfahne.png 1000w\" sizes=\"auto, (max-width: 300px) 100vw, 300px\" \/><\/a><\/p>\n<p>&nbsp;<\/p>\n<p>Mit dem Hochwasserschutz-Aktionsprogramm 2020plus hat der Freistaat das gr\u00f6\u00dfte wasserbauliche Infrastrukturprogramm in der Geschichte des Freistaats aufgelegt. In den kommenden beiden Jahren werden in diesem Rahmen rund 300 Millionen Euro f\u00fcr den Schutz der Menschen entlang der Gew\u00e4sser investiert. Zus\u00e4tzlich werden j\u00e4hrlich rund 35 Millionen Euro f\u00fcr das Sonderprogramm zum Hochwasserschutz an der Donau zwischen Straubing und Vilshofen bereitgestellt. &#8222;Zusammen mit den Kommunen unternehmen wir eine gewaltige Kraftanstrengung, um Bayern hochwassersicher zu machen. Unsere Hochwasserschutz-Agenda wollen wir gemeinsam mit den B\u00fcrgern umsetzen. Transparenz und Dialog mit der Bev\u00f6lkerung sind f\u00fcr uns selbstverst\u00e4ndlich&#8220;, so Scharf.<\/p>\n<p>F\u00fcr Naturschutz und Landschaftspflege stehen im kommenden Doppelhaushalt mehr als sechs Millionen Euro zus\u00e4tzlich zur Verf\u00fcgung. Die Umweltbildung\/Bildung zur nachhaltigen Entwicklung wird mit weiteren 1,1 Millionen Euro zus\u00e4tzlich gest\u00e4rkt. Um die hohe Artenvielfalt im Freistaat langfristig zu sichern, hat die Staatsregierung im Jahr 2014 das Programm &#8222;NaturVielfalt Bayern &amp;ndash; Biodiversit\u00e4tsprogramm Bayern 2030&#8220; beschlossen. Scharf: &#8222;Ich will f\u00fcr die Natur begeistern. Mit zus\u00e4tzlichen Anstrengungen soll dem R\u00fcckgang der Arten entgegen gewirkt werden. Das Biodiversit\u00e4tsprogramm ist unsere Firewall gegen den Artenschwund. Knapp sechs Prozent der bayerischen Tier- und 3,5 Prozent der Pflanzenarten sind bereits ausgestorben.&#8220; Unter anderem werden deshalb in allen Regierungsbezirken spezielle Artenhilfsprogramme f\u00fcr Tiere und Pflanzen umgesetzt, deren Fortbestand in Bayern gef\u00e4hrdet ist. Dar\u00fcber hinaus verfolgt der Freistaat das Ziel, in jedem Landkreis eine staatlich anerkannte Umweltstation zu etablieren. Zudem werden auch die Gebietsbetreuer als wichtige Multiplikatoren f\u00fcr den Naturschutz weiter finanziert.<\/p>\n<p>\u00a9 Staatsministerium f\u00fcr Umwelt und Verbraucherschutz &#8211; www.stmuv.bayern.de<br \/>\nUm Ihr Newsletterabonnement zu \u00e4ndern oder abzubestellen, benutzen Sie bitte das Formular unter http:\/\/www.stmuv.bayern.de\/aktuell\/newsletter\/index.htm.<\/p>\n<p>quelle: stmuv.bayern.de<\/p>\n","protected":false},"excerpt":{"rendered":"<p>M\u00fcnchen: Scharf: Rund 1,7 Milliarden Euro f\u00fcr Umwelt und Verbraucherschutz in Bayern Der Doppelhaushalt 2015\/2016 des Umwelt- und Verbraucherschutzministeriums setzt wichtige Schwerpunkte bei Natur-, Hochwasser- und Klimaschutz. Zum Beschluss des Landtags betonte Staatsministerin Ulrike Scharf: &#8222;Die Bewahrung der Sch\u00f6pfung und der Erhalt der nat\u00fcrlichen Lebensgrundlagen ist Kern der Gestaltung unserer Zukunft. Wir wollen den Verbraucherschutz [&hellip;]<\/p>\n","protected":false},"author":7,"featured_media":7631,"comment_status":"closed","ping_status":"open","sticky":false,"template":"","format":"standard","meta":{"footnotes":""},"categories":[44,3],"tags":[1295,197],"class_list":["post-7900","post","type-post","status-publish","format-standard","has-post-thumbnail","hentry","category-deutschland-2","category-news","tag-umweltschutz","tag-verbraucherschutz"],"_links":{"self":[{"href":"https:\/\/www.frankensicht.de\/index.php?rest_route=\/wp\/v2\/posts\/7900","targetHints":{"allow":["GET"]}}],"collection":[{"href":"https:\/\/www.frankensicht.de\/index.php?rest_route=\/wp\/v2\/posts"}],"about":[{"href":"https:\/\/www.frankensicht.de\/index.php?rest_route=\/wp\/v2\/types\/post"}],"author":[{"embeddable":true,"href":"https:\/\/www.frankensicht.de\/index.php?rest_route=\/wp\/v2\/users\/7"}],"replies":[{"embeddable":true,"href":"https:\/\/www.frankensicht.de\/index.php?rest_route=%2Fwp%2Fv2%2Fcomments&post=7900"}],"version-history":[{"count":1,"href":"https:\/\/www.frankensicht.de\/index.php?rest_route=\/wp\/v2\/posts\/7900\/revisions"}],"predecessor-version":[{"id":16404,"href":"https:\/\/www.frankensicht.de\/index.php?rest_route=\/wp\/v2\/posts\/7900\/revisions\/16404"}],"wp:featuredmedia":[{"embeddable":true,"href":"https:\/\/www.frankensicht.de\/index.php?rest_route=\/wp\/v2\/media\/7631"}],"wp:attachment":[{"href":"https:\/\/www.frankensicht.de\/index.php?rest_route=%2Fwp%2Fv2%2Fmedia&parent=7900"}],"wp:term":[{"taxonomy":"category","embeddable":true,"href":"https:\/\/www.frankensicht.de\/index.php?rest_route=%2Fwp%2Fv2%2Fcategories&post=7900"},{"taxonomy":"post_tag","embeddable":true,"href":"https:\/\/www.frankensicht.de\/index.php?rest_route=%2Fwp%2Fv2%2Ftags&post=7900"}],"curies":[{"name":"wp","href":"https:\/\/api.w.org\/{rel}","templated":true}]}}