{"id":7867,"date":"2014-12-01T09:16:56","date_gmt":"2014-12-01T08:16:56","guid":{"rendered":"http:\/\/www.frankensicht.de\/?p=7867"},"modified":"2014-12-01T09:16:56","modified_gmt":"2014-12-01T08:16:56","slug":"enge-zusammenarbeit-mit-oesterreich-vertiefen","status":"publish","type":"post","link":"https:\/\/www.frankensicht.de\/?p=7867","title":{"rendered":"\u201eEnge Zusammenarbeit mit \u00d6sterreich vertiefen\u201c"},"content":{"rendered":"<p><span style=\"color: #ff0000;\">M\u00fcnchen:<\/span><\/p>\n<p>Aigner: \u201eEnge Zusammenarbeit mit \u00d6sterreich vertiefen\u201c<br \/>\nBayerns Energieministerin Ilse Aigner f\u00fchrt heute mit dem \u00f6sterreichischen Wirtschafts- und Energieminister Reinhold Mitterlehner im Rahmen des Bayerisch-\u00d6sterreichischen Energiekongresses Gespr\u00e4che \u00fcber die energiewirtschaftliche Zusammenarbeit beider L\u00e4nder. &amp;bdquo;\u00d6sterreich ist ein wichtiger Partner f\u00fcr Bayern. Wir wollen unsere enge und gute Zusammenarbeit im Energiebereich weiter vertiefen&amp;ldquo;, so Aigner. Im Mittelpunkt der Gespr\u00e4che steht die St\u00e4rkung der grenz\u00fcberschreitenden Versorgungssicherheit.<\/p>\n<p>Bereits im September 2014 haben Aigner und Mitterlehner eine gemeinsame Erkl\u00e4rung \u00fcber die energiepolitische Zusammenarbeit zwischen Bayern und \u00d6sterreich vereinbart mit dem Ziel, eine sichere, bezahlbare und saubere Energieversorgung zu gew\u00e4hrleisten. Im Vordergrund stehen gemeinsame Ma\u00dfnahmen zur St\u00e4rkung der Versorgungssicherheit, f\u00fcr einen wettbewerbsf\u00e4higen Strommarkt und zum Erhalt einer gemeinsamen Strompreiszone.<\/p>\n<p><a href=\"https:\/\/www.frankensicht.de\/?attachment_id=4898\" rel=\"attachment wp-att-4898\"><img loading=\"lazy\" decoding=\"async\" class=\"alignnone size-medium wp-image-4898\" src=\"https:\/\/www.frankensicht.de\/wp-content\/uploads\/2013\/01\/lichtschalter-300x225.jpg\" alt=\"lichtschalter\" width=\"300\" height=\"225\" srcset=\"https:\/\/www.frankensicht.de\/wp-content\/uploads\/2013\/01\/lichtschalter-300x225.jpg 300w, https:\/\/www.frankensicht.de\/wp-content\/uploads\/2013\/01\/lichtschalter.jpg 640w\" sizes=\"auto, (max-width: 300px) 100vw, 300px\" \/><\/a><\/p>\n<p>&#8222;Unsere hohe Versorgungssicherheit kann gerade in Zeiten der Energiewende nicht im Alleingang gew\u00e4hrleistet werden, sondern erfordert internationale Kooperationen im Strommarkt. Umso wichtiger ist eine gute Abstimmung zwischen \u00d6sterreich und Bayern&#8220;, sagt \u00d6sterreichs Wirtschafts- und Energieminister Mitterlehner.<\/p>\n<p>F\u00fcr Wolfgang Anzengruber, den Vorstandsvorsitzenden von VERBUND, nimmt der Energiekongress Bayern und \u00d6sterreich mit dem gew\u00e4hlten Thema ,Gemeinsam Versorgungssicherheit gew\u00e4hrleisten&amp;lsquo; die aktuell bedeutendste Herausforderung in den Fokus: &amp;bdquo;Eine St\u00e4rkung der Zusammenarbeit und volkswirtschaftlich effiziente L\u00f6sungen wie eine gemeinsame grenz\u00fcberschreitende Netzreserve stehen zur Diskussion.<\/p>\n<p>Im Vorfeld des Energiekongresses organisierten das Bayerischen Wirtschaftsministerium, VERBUND, die Technischen Universit\u00e4t M\u00fcnchen (TUM) und ADVANTAGE AUSTRIA die Ideen-Werkstatt zur Energiezukunft, an der 24 ausgew\u00e4hlte Studierende und acht Experten teilnahmen.<\/p>\n<p>Quelle:stmwi.bayern.de<\/p>\n","protected":false},"excerpt":{"rendered":"<p>M\u00fcnchen: Aigner: \u201eEnge Zusammenarbeit mit \u00d6sterreich vertiefen\u201c Bayerns Energieministerin Ilse Aigner f\u00fchrt heute mit dem \u00f6sterreichischen Wirtschafts- und Energieminister Reinhold Mitterlehner im Rahmen des Bayerisch-\u00d6sterreichischen Energiekongresses Gespr\u00e4che \u00fcber die energiewirtschaftliche Zusammenarbeit beider L\u00e4nder. &amp;bdquo;\u00d6sterreich ist ein wichtiger Partner f\u00fcr Bayern. Wir wollen unsere enge und gute Zusammenarbeit im Energiebereich weiter vertiefen&amp;ldquo;, so Aigner. Im Mittelpunkt [&hellip;]<\/p>\n","protected":false},"author":7,"featured_media":4898,"comment_status":"closed","ping_status":"open","sticky":false,"template":"","format":"standard","meta":{"footnotes":""},"categories":[78,71],"tags":[458],"class_list":["post-7867","post","type-post","status-publish","format-standard","has-post-thumbnail","hentry","category-bayern","category-menue","tag-osterreich"],"_links":{"self":[{"href":"https:\/\/www.frankensicht.de\/index.php?rest_route=\/wp\/v2\/posts\/7867","targetHints":{"allow":["GET"]}}],"collection":[{"href":"https:\/\/www.frankensicht.de\/index.php?rest_route=\/wp\/v2\/posts"}],"about":[{"href":"https:\/\/www.frankensicht.de\/index.php?rest_route=\/wp\/v2\/types\/post"}],"author":[{"embeddable":true,"href":"https:\/\/www.frankensicht.de\/index.php?rest_route=\/wp\/v2\/users\/7"}],"replies":[{"embeddable":true,"href":"https:\/\/www.frankensicht.de\/index.php?rest_route=%2Fwp%2Fv2%2Fcomments&post=7867"}],"version-history":[{"count":0,"href":"https:\/\/www.frankensicht.de\/index.php?rest_route=\/wp\/v2\/posts\/7867\/revisions"}],"wp:featuredmedia":[{"embeddable":true,"href":"https:\/\/www.frankensicht.de\/index.php?rest_route=\/wp\/v2\/media\/4898"}],"wp:attachment":[{"href":"https:\/\/www.frankensicht.de\/index.php?rest_route=%2Fwp%2Fv2%2Fmedia&parent=7867"}],"wp:term":[{"taxonomy":"category","embeddable":true,"href":"https:\/\/www.frankensicht.de\/index.php?rest_route=%2Fwp%2Fv2%2Fcategories&post=7867"},{"taxonomy":"post_tag","embeddable":true,"href":"https:\/\/www.frankensicht.de\/index.php?rest_route=%2Fwp%2Fv2%2Ftags&post=7867"}],"curies":[{"name":"wp","href":"https:\/\/api.w.org\/{rel}","templated":true}]}}