{"id":773,"date":"2012-04-14T09:31:12","date_gmt":"2012-04-14T07:31:12","guid":{"rendered":"http:\/\/www.frankensicht.de\/?p=773"},"modified":"2012-04-14T09:31:12","modified_gmt":"2012-04-14T07:31:12","slug":"ob-gibt-kreuzung-monaustraseadenauerring-fur-verkehr-frei","status":"publish","type":"post","link":"https:\/\/www.frankensicht.de\/?p=773","title":{"rendered":"OB gibt Kreuzung M\u00f6naustra\u00dfe\/Adenauerring f\u00fcr Verkehr frei"},"content":{"rendered":"<p><span style=\"color: #ff0000;\">Erlangen:\u00a0<\/span><\/p>\n<p>OB gibt Kreuzung M\u00f6naustra\u00dfe\/Adenauerring f\u00fcr Verkehr frei<br \/>\nNach rund f\u00fcnf Monaten Bauzeit kann Oberb\u00fcrgermeister Siegfried Balleis am Mittwoch, 18. April, um 11:00 Uhr offiziell die Kreuzung Adenauerring\/Alte M\u00f6naustra\u00dfe f\u00fcr den Verkehr freigeben. Die Gesamtkosten von rund 513.000 Euro \u2013 eine F\u00f6rderung des Freistaats mit etwa 220.000 Euro ist zugesagt \u2013 beinhalten u.a. den Bau von Abbiegespuren sowie die Anpassung der Entw\u00e4sserungseinrichtungen bzw. der Stra\u00dfenh\u00f6hen. Au\u00dferdem sorgt k\u00fcnftig eine Ampelanlage f\u00fcr einen reibungslosen Verkehrsfluss. Der Kreuzungsbereich wurde umgebaut, um k\u00fcnftig den Adenauerring als durchgehenden Stra\u00dfenzug nutzen zu k\u00f6nnen.<\/p>\n<p>Quelle: Erlangen.de<\/p>\n<p><a href=\"https:\/\/www.frankensicht.de\/?attachment_id=777\" rel=\"attachment wp-att-777\"><img loading=\"lazy\" decoding=\"async\" class=\"alignnone size-medium wp-image-777\" title=\"Karte_1334316826868\" src=\"https:\/\/www.frankensicht.de\/wp-content\/uploads\/2012\/04\/Karte_1334316826868-300x161.jpg\" alt=\"\" width=\"300\" height=\"161\" srcset=\"https:\/\/www.frankensicht.de\/wp-content\/uploads\/2012\/04\/Karte_1334316826868-300x161.jpg 300w, https:\/\/www.frankensicht.de\/wp-content\/uploads\/2012\/04\/Karte_1334316826868.jpeg 719w\" sizes=\"auto, (max-width: 300px) 100vw, 300px\" \/><\/a><\/p>\n<p>Foto: openstreetmap.de<\/p>\n","protected":false},"excerpt":{"rendered":"<p>Erlangen:\u00a0 OB gibt Kreuzung M\u00f6naustra\u00dfe\/Adenauerring f\u00fcr Verkehr frei Nach rund f\u00fcnf Monaten Bauzeit kann Oberb\u00fcrgermeister Siegfried Balleis am Mittwoch, 18. April, um 11:00 Uhr offiziell die Kreuzung Adenauerring\/Alte M\u00f6naustra\u00dfe f\u00fcr den Verkehr freigeben. Die Gesamtkosten von rund 513.000 Euro \u2013 eine F\u00f6rderung des Freistaats mit etwa 220.000 Euro ist zugesagt \u2013 beinhalten u.a. den Bau [&hellip;]<\/p>\n","protected":false},"author":7,"featured_media":777,"comment_status":"open","ping_status":"open","sticky":false,"template":"","format":"standard","meta":{"footnotes":""},"categories":[111,71,85],"tags":[],"class_list":["post-773","post","type-post","status-publish","format-standard","has-post-thumbnail","hentry","category-erlangen-mittelfranken","category-menue","category-mittelfranken"],"_links":{"self":[{"href":"https:\/\/www.frankensicht.de\/index.php?rest_route=\/wp\/v2\/posts\/773","targetHints":{"allow":["GET"]}}],"collection":[{"href":"https:\/\/www.frankensicht.de\/index.php?rest_route=\/wp\/v2\/posts"}],"about":[{"href":"https:\/\/www.frankensicht.de\/index.php?rest_route=\/wp\/v2\/types\/post"}],"author":[{"embeddable":true,"href":"https:\/\/www.frankensicht.de\/index.php?rest_route=\/wp\/v2\/users\/7"}],"replies":[{"embeddable":true,"href":"https:\/\/www.frankensicht.de\/index.php?rest_route=%2Fwp%2Fv2%2Fcomments&post=773"}],"version-history":[{"count":0,"href":"https:\/\/www.frankensicht.de\/index.php?rest_route=\/wp\/v2\/posts\/773\/revisions"}],"wp:featuredmedia":[{"embeddable":true,"href":"https:\/\/www.frankensicht.de\/index.php?rest_route=\/wp\/v2\/media\/777"}],"wp:attachment":[{"href":"https:\/\/www.frankensicht.de\/index.php?rest_route=%2Fwp%2Fv2%2Fmedia&parent=773"}],"wp:term":[{"taxonomy":"category","embeddable":true,"href":"https:\/\/www.frankensicht.de\/index.php?rest_route=%2Fwp%2Fv2%2Fcategories&post=773"},{"taxonomy":"post_tag","embeddable":true,"href":"https:\/\/www.frankensicht.de\/index.php?rest_route=%2Fwp%2Fv2%2Ftags&post=773"}],"curies":[{"name":"wp","href":"https:\/\/api.w.org\/{rel}","templated":true}]}}