{"id":7694,"date":"2014-10-13T19:57:42","date_gmt":"2014-10-13T17:57:42","guid":{"rendered":"http:\/\/www.frankensicht.de\/?p=7694"},"modified":"2014-10-13T19:57:58","modified_gmt":"2014-10-13T17:57:58","slug":"im-boden-ist-was-los-schuelerinnen-und-schueler-entdecken-die-vielfalt-im-boden","status":"publish","type":"post","link":"https:\/\/www.frankensicht.de\/?p=7694","title":{"rendered":"Im Boden ist was los! \u2013 Sch\u00fclerinnen und Sch\u00fcler entdecken die Vielfalt im Boden"},"content":{"rendered":"<p><span style=\"color: #ff0000;\">Berlin:<\/span><\/p>\n<p>Im Boden ist was los! \u2013<br \/>\nSch\u00fclerinnen und Sch\u00fcler entdecken die Vielfalt im Boden<br \/>\nStaatssekret\u00e4rin Flachsbarth er\u00f6ffnet Sch\u00fclerwettbewerb \u201eEcht KUH-L\u201c<\/p>\n<p>Am Montag hat die Parlamentarische Staatssekret\u00e4rin beim Bundesminister f\u00fcr Ern\u00e4hrung und Landwirtschaft, Dr. Maria Flachsbarth, den bundesweiten Sch\u00fclerwettbewerb des Bundesministeriums f\u00fcr Ern\u00e4hrung und Landwirtschaft (BMEL) \u201eECHT KUH-L!\u201c gestartet. Im Schuljahr 2014\/2015 steht der Wettbewerb unter dem Motto \u201eIm Boden ist was los!\u201c. Zum Auftakt der neuen Runde ermutigte Flachsbarth Sch\u00fclerinnen und Sch\u00fcler sich n\u00e4her mit unserem Boden auseinanderzusetzen. \u201eEin gesunder Boden ist die Voraussetzung daf\u00fcr, dass Pflanzen wachsen. Er ist unsere Lebensgrundlage. Deswegen finde ich es sehr gut, wenn Sch\u00fclerinnen und Sch\u00fcler einen Blick unter die Erde werfen. Dabei k\u00f6nnen sie erforschen, wie viel Leben im Boden existiert und welchen Einfluss wir Menschen darauf haben\u201c, so Flachsbarth.<\/p>\n<p><a href=\"https:\/\/www.frankensicht.de\/?attachment_id=2831\" rel=\"attachment wp-att-2831\"><img loading=\"lazy\" decoding=\"async\" class=\"alignnone size-medium wp-image-2831\" src=\"https:\/\/www.frankensicht.de\/wp-content\/uploads\/2012\/06\/schule-300x187.jpg\" alt=\"schule\" width=\"300\" height=\"187\" srcset=\"https:\/\/www.frankensicht.de\/wp-content\/uploads\/2012\/06\/schule-300x187.jpg 300w, https:\/\/www.frankensicht.de\/wp-content\/uploads\/2012\/06\/schule.jpg 640w\" sizes=\"auto, (max-width: 300px) 100vw, 300px\" \/><\/a><\/p>\n<p>Zum Wettbewerbsstart von \u201eECHT KUH-L!\u201c verwies die Staatssekret\u00e4rin auch auf das von den Vereinten Nationen ausgerufene \u201eInternationale Jahr der B\u00f6den\u201c 2015. Der Sch\u00fclerwettbewerb sei begleitend dazu eine gute Gelegenheit, mehr Aufmerksamkeit und Bewusstsein f\u00fcr den Boden, seine Funktionen und Probleme zu schaffen, sagte Flachsbarth. \u201eDer Boden als wichtige nat\u00fcrliche Ressource zur Nahrungsmittelproduktion verdient auch in der \u00f6ffentlichen Diskussion mehr Beachtung. Es freut mich, wenn Sch\u00fclerinnen und Sch\u00fcler mit ihren Arbeiten dazu beitragen. Es ist die nachwachsende Generation, die die Verantwortung im Umgang mit der Ressource Boden in Zukunft beeinflusst und tr\u00e4gt. Ihr Engagement, den Boden zu erhalten und zu sch\u00fctzen, ist daher sehr wichtig\u201c, sagte Flachsbarth.<\/p>\n<p>Hintergrundinformationen zum Sch\u00fclerwettbewerb \u201eECHT KUH-L!\u201c:<br \/>\nDer Wettbewerb besch\u00e4ftigt sich mit \u00f6kologischem Landbau und mit Fragestellungen rund um eine nachhaltige Landwirtschaft und Ern\u00e4hrung. \u201eECHT KUH-L!\u201c stellt dabei jedes Jahr ein anderes Thema heraus und ist an Kinder und Jugendliche gerichtet, die die 3. bis 10. Klasse einer allgemeinbildenden Schule besuchen. Das Motto der vierten Auflage des Wettbewerbs lautet \u201eIm Boden ist was los!\u201c. Wettbewerbsbeitr\u00e4ge k\u00f6nnen von Klassenverb\u00e4nden eingereicht werden, von Sch\u00fcler- und au\u00dferschulischen Gruppen und auch von einzelnen Kindern und Jugendlichen. Der Kreativit\u00e4t sind dabei (fast) keine Grenzen gesetzt.<\/p>\n<p>Weitere Informationen zum Wettbewerb und zur Anmeldung finden Sie im Internet unter www.ECHTKUH-L.de&lt;http:\/\/www.ECHTKUH-L.de&gt;.<\/p>\n<p>Quelle:bmel,bund.de<\/p>\n","protected":false},"excerpt":{"rendered":"<p>Berlin: Im Boden ist was los! \u2013 Sch\u00fclerinnen und Sch\u00fcler entdecken die Vielfalt im Boden Staatssekret\u00e4rin Flachsbarth er\u00f6ffnet Sch\u00fclerwettbewerb \u201eEcht KUH-L\u201c Am Montag hat die Parlamentarische Staatssekret\u00e4rin beim Bundesminister f\u00fcr Ern\u00e4hrung und Landwirtschaft, Dr. Maria Flachsbarth, den bundesweiten Sch\u00fclerwettbewerb des Bundesministeriums f\u00fcr Ern\u00e4hrung und Landwirtschaft (BMEL) \u201eECHT KUH-L!\u201c gestartet. Im Schuljahr 2014\/2015 steht der Wettbewerb [&hellip;]<\/p>\n","protected":false},"author":7,"featured_media":2831,"comment_status":"closed","ping_status":"open","sticky":false,"template":"","format":"standard","meta":{"footnotes":""},"categories":[44,3],"tags":[1610],"class_list":["post-7694","post","type-post","status-publish","format-standard","has-post-thumbnail","hentry","category-deutschland-2","category-news","tag-schuelerwettbewerb"],"_links":{"self":[{"href":"https:\/\/www.frankensicht.de\/index.php?rest_route=\/wp\/v2\/posts\/7694","targetHints":{"allow":["GET"]}}],"collection":[{"href":"https:\/\/www.frankensicht.de\/index.php?rest_route=\/wp\/v2\/posts"}],"about":[{"href":"https:\/\/www.frankensicht.de\/index.php?rest_route=\/wp\/v2\/types\/post"}],"author":[{"embeddable":true,"href":"https:\/\/www.frankensicht.de\/index.php?rest_route=\/wp\/v2\/users\/7"}],"replies":[{"embeddable":true,"href":"https:\/\/www.frankensicht.de\/index.php?rest_route=%2Fwp%2Fv2%2Fcomments&post=7694"}],"version-history":[{"count":0,"href":"https:\/\/www.frankensicht.de\/index.php?rest_route=\/wp\/v2\/posts\/7694\/revisions"}],"wp:featuredmedia":[{"embeddable":true,"href":"https:\/\/www.frankensicht.de\/index.php?rest_route=\/wp\/v2\/media\/2831"}],"wp:attachment":[{"href":"https:\/\/www.frankensicht.de\/index.php?rest_route=%2Fwp%2Fv2%2Fmedia&parent=7694"}],"wp:term":[{"taxonomy":"category","embeddable":true,"href":"https:\/\/www.frankensicht.de\/index.php?rest_route=%2Fwp%2Fv2%2Fcategories&post=7694"},{"taxonomy":"post_tag","embeddable":true,"href":"https:\/\/www.frankensicht.de\/index.php?rest_route=%2Fwp%2Fv2%2Ftags&post=7694"}],"curies":[{"name":"wp","href":"https:\/\/api.w.org\/{rel}","templated":true}]}}