{"id":7676,"date":"2014-10-07T10:05:55","date_gmt":"2014-10-07T08:05:55","guid":{"rendered":"http:\/\/www.frankensicht.de\/?p=7676"},"modified":"2014-10-07T10:05:55","modified_gmt":"2014-10-07T08:05:55","slug":"entwicklung-der-produktion-im-produzierenden-gewerbe-im-berichtsmonat-august-2014","status":"publish","type":"post","link":"https:\/\/www.frankensicht.de\/?p=7676","title":{"rendered":"Entwicklung der Produktion im Produzierenden Gewerbe im Berichtsmonat August 2014"},"content":{"rendered":"<p><span style=\"color: #ff0000;\">Berlin:<\/span><\/p>\n<p>Entwicklung der Produktion im Produzierenden Gewerbe im Berichtsmonat August 2014<\/p>\n<p>Die Produktion im Produzierenden Gewerbe<br \/>\n&lt;http:\/\/www.bmwi.de\/DE\/Themen\/Industrie\/statistische-daten.html&gt; ist nach Angaben<br \/>\ndes Statistischen Bundesamtes [1] im August gegen\u00fcber dem Vormonat preis-,<br \/>\nsaison- und arbeitst\u00e4glich [2] bereinigt um 4,0 % gefallen. Zudem wurde der<br \/>\nAnstieg im Juli von 1,9 % auf 1,6 % revidiert. Im August ging sowohl die<br \/>\nIndustrieproduktion (-4,8 %) als auch die Erzeugung im Baugewerbe (-2,0 %)<br \/>\nzur\u00fcck. In der Industrie gab es den st\u00e4rksten R\u00fcckgang bei den Investitionsg\u00fctern<br \/>\n(-8,8 %). Dies lag vor allem an der Kfz-Branche, die ihre Produktion im Vergleich<br \/>\nzum Vormonat um 25,4 % zur\u00fcckfuhr. Die Erzeugung von Vorleistungsg\u00fctern nahm um<br \/>\n1,9 %, die der Konsumg\u00fcterhersteller um 0,4 % ab.<\/p>\n<p><a href=\"https:\/\/www.frankensicht.de\/?attachment_id=1457\" rel=\"attachment wp-att-1457\"><img loading=\"lazy\" decoding=\"async\" class=\"alignnone size-full wp-image-1457\" src=\"https:\/\/www.frankensicht.de\/wp-content\/uploads\/2012\/05\/StatPressCN-\u2039-frankensicht.de-\u2014-WordPress_1336737358340.jpeg\" alt=\"StatPressCN \u2039 frankensicht.de \u2014 WordPress_1336737358340\" width=\"235\" height=\"119\" \/><\/a><\/p>\n<p>Die Produktionsentwicklung im August wurde durch die sp\u00e4te Lage der Sommerferien<br \/>\nbeeinflusst. Dieser Sondereffekt trug zu einem erheblichen Teil, jedoch nicht<br \/>\nvollst\u00e4ndig, zur schwachen Entwicklung der Produktionszahlen bei. Auch im<br \/>\nMehrmonatsvergleich Juni\/Juli\/August gegen\u00fcber M\u00e4rz\/April\/Mai, bei dem solche<br \/>\nSondereffekte weniger durchschlagen, ist die Produktion in der Industrie um 0,7 %<br \/>\nund im Baugewerbe um 1,2\u00a0% gesunken. Insgesamt liegt das Produktionsniveau im<br \/>\nProduzierenden Gewerbe im Juli\/August 0,7 % unter dem Durchschnitt des zweiten<br \/>\nQuartals.<\/p>\n<p>Die Industriekonjunktur durchl\u00e4uft gegenw\u00e4rtig eine Schw\u00e4chephase. Dies betrifft<br \/>\nneben der Produktion auch die Auftragseing\u00e4nge und Ums\u00e4tze. Der aktuelle R\u00fcckgang<br \/>\nist allerdings durch Ferientageeffekte \u00fcberzeichnet. Insgesamt ist f\u00fcr das<br \/>\ngesamte dritte Quartal mit einer schwachen Produktion zu rechnen.<\/p>\n<p>&#8212;&#8212;&#8212;&#8212;&#8212;&#8212;&#8212;&#8212;&#8212;&#8212;&#8212;&#8212;&#8211;<\/p>\n<p>[1] Pressemitteilung des Statistisches Bundesamtes vom 07. Oktober 2014.<br \/>\n[2] Vorl\u00e4ufige Angaben; Saisonbereinigungsverfahren Census X-12-ARIMA.<\/p>\n<p>Quelle:bmwi.bund.de<\/p>\n","protected":false},"excerpt":{"rendered":"<p>Berlin: Entwicklung der Produktion im Produzierenden Gewerbe im Berichtsmonat August 2014 Die Produktion im Produzierenden Gewerbe &lt;http:\/\/www.bmwi.de\/DE\/Themen\/Industrie\/statistische-daten.html&gt; ist nach Angaben des Statistischen Bundesamtes [1] im August gegen\u00fcber dem Vormonat preis-, saison- und arbeitst\u00e4glich [2] bereinigt um 4,0 % gefallen. Zudem wurde der Anstieg im Juli von 1,9 % auf 1,6 % revidiert. Im August ging [&hellip;]<\/p>\n","protected":false},"author":7,"featured_media":1457,"comment_status":"closed","ping_status":"open","sticky":false,"template":"","format":"standard","meta":{"footnotes":""},"categories":[44,3,16],"tags":[1605],"class_list":["post-7676","post","type-post","status-publish","format-standard","has-post-thumbnail","hentry","category-deutschland-2","category-news","category-wirtschaft","tag-august2014"],"_links":{"self":[{"href":"https:\/\/www.frankensicht.de\/index.php?rest_route=\/wp\/v2\/posts\/7676","targetHints":{"allow":["GET"]}}],"collection":[{"href":"https:\/\/www.frankensicht.de\/index.php?rest_route=\/wp\/v2\/posts"}],"about":[{"href":"https:\/\/www.frankensicht.de\/index.php?rest_route=\/wp\/v2\/types\/post"}],"author":[{"embeddable":true,"href":"https:\/\/www.frankensicht.de\/index.php?rest_route=\/wp\/v2\/users\/7"}],"replies":[{"embeddable":true,"href":"https:\/\/www.frankensicht.de\/index.php?rest_route=%2Fwp%2Fv2%2Fcomments&post=7676"}],"version-history":[{"count":0,"href":"https:\/\/www.frankensicht.de\/index.php?rest_route=\/wp\/v2\/posts\/7676\/revisions"}],"wp:featuredmedia":[{"embeddable":true,"href":"https:\/\/www.frankensicht.de\/index.php?rest_route=\/wp\/v2\/media\/1457"}],"wp:attachment":[{"href":"https:\/\/www.frankensicht.de\/index.php?rest_route=%2Fwp%2Fv2%2Fmedia&parent=7676"}],"wp:term":[{"taxonomy":"category","embeddable":true,"href":"https:\/\/www.frankensicht.de\/index.php?rest_route=%2Fwp%2Fv2%2Fcategories&post=7676"},{"taxonomy":"post_tag","embeddable":true,"href":"https:\/\/www.frankensicht.de\/index.php?rest_route=%2Fwp%2Fv2%2Ftags&post=7676"}],"curies":[{"name":"wp","href":"https:\/\/api.w.org\/{rel}","templated":true}]}}