{"id":7650,"date":"2014-09-30T11:35:01","date_gmt":"2014-09-30T09:35:01","guid":{"rendered":"http:\/\/www.frankensicht.de\/?p=7650"},"modified":"2014-09-30T11:35:01","modified_gmt":"2014-09-30T09:35:01","slug":"neues-produktionsverfahren-fuer-led-lampen-spart-energie-und-ressourcen","status":"publish","type":"post","link":"https:\/\/www.frankensicht.de\/?p=7650","title":{"rendered":"Neues Produktionsverfahren f\u00fcr LED-Lampen spart Energie und Ressourcen"},"content":{"rendered":"<p><span style=\"color: #ff0000;\">Berlin:<\/span><\/p>\n<p>Pronold: Neues Produktionsverfahren f\u00fcr LED-Lampen spart Energie und<br \/>\nRessourcen<\/p>\n<p>Die Firma Seidel GmbH &amp; Co. KG aus Marburg er\u00f6ffnet heute zwei<br \/>\nFertigungslinien f\u00fcr eine materialeffiziente Produktion von<br \/>\nLED-Leuchtmitteln. Das Bundesumweltministerium f\u00f6rdert das Vorhaben, das<br \/>\nzu einer deutlichen Minderung von CO2-Emissionen beitr\u00e4gt und Metall und<br \/>\nKunststoffe einspart, mit rund 5 Millionen Euro aus dem<br \/>\nUmweltinnovationsprogramm. Der Parlamentarische Staatssekret\u00e4r im BMUB,<br \/>\nFlorian Pronold, besuchte das Unternehmen heute anl\u00e4sslich der Er\u00f6ffnung<br \/>\nder neuen Anlage.<\/p>\n<p><a href=\"https:\/\/www.frankensicht.de\/?attachment_id=4898\" rel=\"attachment wp-att-4898\"><img loading=\"lazy\" decoding=\"async\" class=\"alignnone size-medium wp-image-4898\" src=\"https:\/\/www.frankensicht.de\/wp-content\/uploads\/2013\/01\/lichtschalter-300x225.jpg\" alt=\"lichtschalter\" width=\"300\" height=\"225\" srcset=\"https:\/\/www.frankensicht.de\/wp-content\/uploads\/2013\/01\/lichtschalter-300x225.jpg 300w, https:\/\/www.frankensicht.de\/wp-content\/uploads\/2013\/01\/lichtschalter.jpg 640w\" sizes=\"auto, (max-width: 300px) 100vw, 300px\" \/><\/a><\/p>\n<p>Pronold: \u201eHessen strahlt aus! Der LED-Beleuchtung geh\u00f6rt die Zukunft.<br \/>\nMit ihr k\u00f6nnen zielgenaue Beleuchtungskonzepte umgesetzt und viel Energie<br \/>\neingespart werden. Die Produktion hier vor Ort bringt Besch\u00e4ftigung und<br \/>\nvermeidet zus\u00e4tzlich noch eine gro\u00dfe Menge an CO2. Angeschoben durch die<br \/>\nF\u00f6rderung des Bundesumweltministeriums w\u00fcnsche ich der Firma Seidel eine<br \/>\nstrahlende Zukunft.\u201c<\/p>\n<p>Auf der ersten Fertigungslinie sollen LED-Lampen in der klassischen<br \/>\nGl\u00fchlampenform mit maximalen St\u00fcckzahlen hergestellt werden, w\u00e4hrend<br \/>\nauf der zweiten Linie unterschiedliche Lampentypen in variablen<br \/>\nSt\u00fcckzahlen produziert werden sollen. Die Lampen werden bis zu 60 Prozent<br \/>\nleichter sein als vergleichbare Produkte. Damit k\u00f6nnen j\u00e4hrliche<br \/>\nEinsparungen von 260 Tonnen Aluminium, 20 Tonnen Zinn, 40 Tonnen Kupfer<br \/>\nund 10 Tonnen Kunst- und Klebstoffen erreicht werden. Zudem sollen sich<br \/>\ndie Produkte durch die geringe Anzahl verwendeter Materialien besser<br \/>\nrecyceln lassen. Die lokale Produktion von LED-Lampen k\u00f6nnte hunderte<br \/>\nContainerlieferungen aus Fernost einsparen und die damit verbundenen<br \/>\nCO2-Emissionen vermeiden. Dar\u00fcber hinaus k\u00f6nnten durch eine schnelle<br \/>\nVerbreitung der sparsamen Produkte j\u00e4hrlich 550.000 Tonnen CO2-Emissionen<br \/>\nbei den Endkonsumenten vermieden werden.<\/p>\n<p>Das Projekt wird aus dem F\u00f6rderschwerpunkt \u201eMaterialeffizienz in der<br \/>\nProduktion\u201c des Umweltinnovationsprogramms gef\u00f6rdert. Ziel des<br \/>\nF\u00f6rderschwerpunkts ist es, Produktionsabl\u00e4ufe zu optimieren, um<br \/>\nnat\u00fcrliche Ressourcen zu schonen. Mit dem Umweltinnovationsprogramm wird<br \/>\ndie erstmalige, gro\u00dftechnische Anwendung einer innovativen Technologie<br \/>\ngef\u00f6rdert. Das Vorhaben muss \u00fcber den Stand der Technik hinausgehen und<br \/>\nsollte Demonstrationscharakter haben.<\/p>\n<p>Weitere Informationen zum F\u00f6rderprogramm und zum Vorhaben unter:<br \/>\nhttp:\/\/www.umweltinnovationsprogramm.de\/projekte<\/p>\n<p>&#8212;&#8212;&#8212;&#8212;&#8212;&#8212;&#8212;&#8212;&#8212;&#8212;&#8212;&#8212;&#8212;&#8212;&#8212;&#8212;&#8212;&#8212;&#8212;&#8212;&#8212;&#8212;&#8212;&#8212;&#8212;-<br \/>\nHerausgeber: Bundesministerium f\u00fcr Umwelt, Naturschutz,<br \/>\nBau und Reaktorsicherheit, Stresemannstr. 128-130, 10117 Berlin<br \/>\nRedaktion: Michael Schroeren (verantwortlich), Nikolai Fichtner, Andreas<br \/>\nK\u00fcbler, Nicole Scharfschwerdt und Frauke Stamer<br \/>\nTelefon: 030 18 305-2010<br \/>\nE-Mail: presse@bmub.bund.de Internet: www.bmub.bund.de\/presse<br \/>\nTwitter: www.twitter.com\/BMUB Youtube: www.youtube.de\/umweltministerium<\/p>\n<p>Quelle: bmub.bund.de<\/p>\n","protected":false},"excerpt":{"rendered":"<p>Berlin: Pronold: Neues Produktionsverfahren f\u00fcr LED-Lampen spart Energie und Ressourcen Die Firma Seidel GmbH &amp; Co. KG aus Marburg er\u00f6ffnet heute zwei Fertigungslinien f\u00fcr eine materialeffiziente Produktion von LED-Leuchtmitteln. Das Bundesumweltministerium f\u00f6rdert das Vorhaben, das zu einer deutlichen Minderung von CO2-Emissionen beitr\u00e4gt und Metall und Kunststoffe einspart, mit rund 5 Millionen Euro aus dem Umweltinnovationsprogramm. [&hellip;]<\/p>\n","protected":false},"author":7,"featured_media":4898,"comment_status":"closed","ping_status":"open","sticky":false,"template":"","format":"standard","meta":{"footnotes":""},"categories":[44,3],"tags":[1599],"class_list":["post-7650","post","type-post","status-publish","format-standard","has-post-thumbnail","hentry","category-deutschland-2","category-news","tag-led-lampe"],"_links":{"self":[{"href":"https:\/\/www.frankensicht.de\/index.php?rest_route=\/wp\/v2\/posts\/7650","targetHints":{"allow":["GET"]}}],"collection":[{"href":"https:\/\/www.frankensicht.de\/index.php?rest_route=\/wp\/v2\/posts"}],"about":[{"href":"https:\/\/www.frankensicht.de\/index.php?rest_route=\/wp\/v2\/types\/post"}],"author":[{"embeddable":true,"href":"https:\/\/www.frankensicht.de\/index.php?rest_route=\/wp\/v2\/users\/7"}],"replies":[{"embeddable":true,"href":"https:\/\/www.frankensicht.de\/index.php?rest_route=%2Fwp%2Fv2%2Fcomments&post=7650"}],"version-history":[{"count":0,"href":"https:\/\/www.frankensicht.de\/index.php?rest_route=\/wp\/v2\/posts\/7650\/revisions"}],"wp:featuredmedia":[{"embeddable":true,"href":"https:\/\/www.frankensicht.de\/index.php?rest_route=\/wp\/v2\/media\/4898"}],"wp:attachment":[{"href":"https:\/\/www.frankensicht.de\/index.php?rest_route=%2Fwp%2Fv2%2Fmedia&parent=7650"}],"wp:term":[{"taxonomy":"category","embeddable":true,"href":"https:\/\/www.frankensicht.de\/index.php?rest_route=%2Fwp%2Fv2%2Fcategories&post=7650"},{"taxonomy":"post_tag","embeddable":true,"href":"https:\/\/www.frankensicht.de\/index.php?rest_route=%2Fwp%2Fv2%2Ftags&post=7650"}],"curies":[{"name":"wp","href":"https:\/\/api.w.org\/{rel}","templated":true}]}}