{"id":7637,"date":"2014-09-25T10:50:48","date_gmt":"2014-09-25T08:50:48","guid":{"rendered":"http:\/\/www.frankensicht.de\/?p=7637"},"modified":"2014-09-25T10:50:48","modified_gmt":"2014-09-25T08:50:48","slug":"europaeische-arbeitsgruppe-nachhaltige-tierproduktion-beraet-in-paris-ueber-forschung-und-herausforderungen","status":"publish","type":"post","link":"https:\/\/www.frankensicht.de\/?p=7637","title":{"rendered":"Europ\u00e4ische Arbeitsgruppe \u201eNachhaltige Tierproduktion\u201c ber\u00e4t in Paris \u00fcber Forschung und Herausforderungen"},"content":{"rendered":"<p><span style=\"color: #ff0000;\">Paris &#8211; Berlin:<\/span><\/p>\n<p>Europ\u00e4ische Arbeitsgruppe \u201eNachhaltige Tierproduktion\u201c ber\u00e4t in Paris \u00fcber Forschung und Herausforderungen<\/p>\n<p>Unter Vorsitz des Bundesministeriums f\u00fcr Ern\u00e4hrung und Landwirtschaft (BMEL) findet am Donnerstag und Freitag auf Einladung der franz\u00f6sischen Partner das dritte Treffen der Europ\u00e4ischen Arbeits\u00adgruppe \u201eNachhaltige Tierproduktion\u201c statt. Dabei stellen 18 Vertreter der Europ\u00e4ischen Mitgliedstaaten den Stand der Forschung im eige\u00adnen Land f\u00fcr den Bereich nachhaltige Tierproduktion vor, hierbei werden auch Aspekte des Tierwohls eingebracht. Die Status-Quo Berichte dienen als Ausgangspunkt f\u00fcr die Beantragung eines neuen European Research Area Networks (ERA-Net) \u201eSustainable Livestock Production\u201c, welches im laufenden Arbeitsprogramm der EU unter \u201eHorizont 2020\u201c f\u00fcr 2015 ausgeschrieben ist. Mit dem von der EU bezuschussten In\u00adstrument des \u201eERA-Net\u201c sollen die Mitgliedstaaten die Forschungsf\u00f6rderung auf nationaler und europ\u00e4ischer Ebene mit Blick auf den Ausbau der wissenschaftlichen Kompetenz Euro\u00adpas enger aufeinander abstimmen.<\/p>\n<p><a href=\"https:\/\/www.frankensicht.de\/?attachment_id=1410\" rel=\"attachment wp-att-1410\"><img loading=\"lazy\" decoding=\"async\" class=\"alignnone size-medium wp-image-1410\" src=\"https:\/\/www.frankensicht.de\/wp-content\/uploads\/2012\/05\/paragraf-300x187.jpg\" alt=\"paragraf\" width=\"300\" height=\"187\" srcset=\"https:\/\/www.frankensicht.de\/wp-content\/uploads\/2012\/05\/paragraf-300x187.jpg 300w, https:\/\/www.frankensicht.de\/wp-content\/uploads\/2012\/05\/paragraf.jpg 640w\" sizes=\"auto, (max-width: 300px) 100vw, 300px\" \/><\/a><\/p>\n<p>Mit der steigenden Nachfrage nach qualitativ hochwertigen tierischen Lebensmitteln sieht sich die landwirtschaftliche Nutztierhaltung vor immer neue Herausforderungen gestellt. Dies sind nicht nur die Umweltauflagen und die effizientere Nutzung knapper, nat\u00fcrlicher Res\u00adsourcen, sondern auch die Auflagen, die das Endprodukt in puncto Verbrauchererwartung und Lebensmittelsicherheit erf\u00fcllen muss. In diesem Spannungsfeld sehen sich die Landwirte dar\u00ad\u00fcber hinaus bei der Vermarktung der tierischen Erzeugnisse dem internationalen Wettbewerb mit L\u00e4ndern ausgesetzt, in denen oftmals nicht zuletzt aufgrund geringerer Auflagen deutlich g\u00fcnstiger produ\u00adziert werden kann. In Deutschland werden diese Herausforderungen zwischen Bund, L\u00e4ndern und Vertretern der Wissenschaft seit langem diskutiert. Die Ergebnisse dieser Diskussionen spiegeln sich unter anderem bereits im \u201eForschungs- und Innovationsbedarf Nutztiere\u201c sowie in der \u201eCharta f\u00fcr Landwirtschaft und Verbraucher des BMEL\u201c wieder. Aufgrund der grenz\u00fcberschreitenden Verflechtungen der Land- und Ern\u00e4hrungswirtschaft ist jedoch eine enge Zusammenarbeit vor allem mit Partnern aus Europa unerl\u00e4sslich. Vor dem Hintergrund, einen wettbewerbsf\u00e4higen und nachhaltigen Tierproduktionssektor in Europa weiterzuentwickeln und zu st\u00e4rken, stellt die Arbeitsgruppe \u201eNachhaltige Tierproduktion\u201c des St\u00e4ndigen Agrarforschungsausschusses der EU (SCAR) jetzt den Forschungsbedarf im europ\u00e4ischen Kontext zusammen. Dem integrier\u00adten Ansatz folgend wird das gesamte Spektrum der Tierproduktion mit Fokus auf die Nachhaltig\u00adkeits\u00adaspekte Umwelt, Soziologie und \u00d6konomie betrachtet.<\/p>\n<p>Quelle: bmel.bund.de<\/p>\n","protected":false},"excerpt":{"rendered":"<p>Paris &#8211; Berlin: Europ\u00e4ische Arbeitsgruppe \u201eNachhaltige Tierproduktion\u201c ber\u00e4t in Paris \u00fcber Forschung und Herausforderungen Unter Vorsitz des Bundesministeriums f\u00fcr Ern\u00e4hrung und Landwirtschaft (BMEL) findet am Donnerstag und Freitag auf Einladung der franz\u00f6sischen Partner das dritte Treffen der Europ\u00e4ischen Arbeits\u00adgruppe \u201eNachhaltige Tierproduktion\u201c statt. Dabei stellen 18 Vertreter der Europ\u00e4ischen Mitgliedstaaten den Stand der Forschung im eige\u00adnen [&hellip;]<\/p>\n","protected":false},"author":7,"featured_media":1410,"comment_status":"closed","ping_status":"open","sticky":false,"template":"","format":"standard","meta":{"footnotes":""},"categories":[75,3],"tags":[453],"class_list":["post-7637","post","type-post","status-publish","format-standard","has-post-thumbnail","hentry","category-europa-2","category-news","tag-tierschutz"],"_links":{"self":[{"href":"https:\/\/www.frankensicht.de\/index.php?rest_route=\/wp\/v2\/posts\/7637","targetHints":{"allow":["GET"]}}],"collection":[{"href":"https:\/\/www.frankensicht.de\/index.php?rest_route=\/wp\/v2\/posts"}],"about":[{"href":"https:\/\/www.frankensicht.de\/index.php?rest_route=\/wp\/v2\/types\/post"}],"author":[{"embeddable":true,"href":"https:\/\/www.frankensicht.de\/index.php?rest_route=\/wp\/v2\/users\/7"}],"replies":[{"embeddable":true,"href":"https:\/\/www.frankensicht.de\/index.php?rest_route=%2Fwp%2Fv2%2Fcomments&post=7637"}],"version-history":[{"count":0,"href":"https:\/\/www.frankensicht.de\/index.php?rest_route=\/wp\/v2\/posts\/7637\/revisions"}],"wp:featuredmedia":[{"embeddable":true,"href":"https:\/\/www.frankensicht.de\/index.php?rest_route=\/wp\/v2\/media\/1410"}],"wp:attachment":[{"href":"https:\/\/www.frankensicht.de\/index.php?rest_route=%2Fwp%2Fv2%2Fmedia&parent=7637"}],"wp:term":[{"taxonomy":"category","embeddable":true,"href":"https:\/\/www.frankensicht.de\/index.php?rest_route=%2Fwp%2Fv2%2Fcategories&post=7637"},{"taxonomy":"post_tag","embeddable":true,"href":"https:\/\/www.frankensicht.de\/index.php?rest_route=%2Fwp%2Fv2%2Ftags&post=7637"}],"curies":[{"name":"wp","href":"https:\/\/api.w.org\/{rel}","templated":true}]}}