{"id":7625,"date":"2014-09-22T08:35:43","date_gmt":"2014-09-22T06:35:43","guid":{"rendered":"http:\/\/www.frankensicht.de\/?p=7625"},"modified":"2014-09-22T08:35:43","modified_gmt":"2014-09-22T06:35:43","slug":"wirtschaftslage-92014","status":"publish","type":"post","link":"https:\/\/www.frankensicht.de\/?p=7625","title":{"rendered":"Wirtschaftslage 9\/2014"},"content":{"rendered":"<p><span style=\"color: #ff0000;\">Berlin:<\/span><\/p>\n<p>Monatsbericht September 2014<\/p>\n<p>Der Euroraum schreitet bei der \u00dcberwindung der Finanz- und Wirtschaftskrise voran. Die Wirtschaftslage hat sich im Vergleich zu den Vorjahren deutlich aufgehellt: Im Laufe des Jahres 2013 ist die Rezession im Euroraum \u00fcberwunden worden. Die erzielten Fortschritte haben zur R\u00fcckkehr des Vertrauens an den Finanzm\u00e4rkten beigetragen. Mitgliedstaaten, die noch vor kurzem unter starker Marktbeobachtung standen, k\u00f6nnen sich wieder deutlich g\u00fcnstiger am Markt finanzieren. Mehr zum Thema findet sich im Artikel zur \u201eAktuellen Lage im Euroraum\u201c, der als erster Artikel einer Serie den Stand des Reformprozesses im Euroraum insgesamt betrachtet. Die weiteren Artikel der Ausgabe September 2014 des Monatsberichts des BMF befassen sich mit der Rolle der Verschuldung als Wachstumshemmnis, der Zukunft der EU-Finanzen, Bestand, Entwicklung und Bedeutung deutscher Direktinvestitionen im Ausland, der Abrechnung des Haushaltsjahres 2013 auf dem Kontrollkonto der Schuldenregel und mit den Ergebnissen der steuerlichen Betriebspr\u00fcfung 2013.<\/p>\n<p>Quelle:bundesfinanzministerium.de<\/p>\n<p><a href=\"https:\/\/www.frankensicht.de\/?attachment_id=1513\" rel=\"attachment wp-att-1513\"><img loading=\"lazy\" decoding=\"async\" class=\"alignnone size-medium wp-image-1513\" src=\"https:\/\/www.frankensicht.de\/wp-content\/uploads\/2012\/05\/statistik-300x223.jpg\" alt=\"statistik\" width=\"300\" height=\"223\" srcset=\"https:\/\/www.frankensicht.de\/wp-content\/uploads\/2012\/05\/statistik-300x223.jpg 300w, https:\/\/www.frankensicht.de\/wp-content\/uploads\/2012\/05\/statistik.jpeg 370w\" sizes=\"auto, (max-width: 300px) 100vw, 300px\" \/><\/a><\/p>\n","protected":false},"excerpt":{"rendered":"<p>Berlin: Monatsbericht September 2014 Der Euroraum schreitet bei der \u00dcberwindung der Finanz- und Wirtschaftskrise voran. Die Wirtschaftslage hat sich im Vergleich zu den Vorjahren deutlich aufgehellt: Im Laufe des Jahres 2013 ist die Rezession im Euroraum \u00fcberwunden worden. Die erzielten Fortschritte haben zur R\u00fcckkehr des Vertrauens an den Finanzm\u00e4rkten beigetragen. Mitgliedstaaten, die noch vor kurzem [&hellip;]<\/p>\n","protected":false},"author":7,"featured_media":1513,"comment_status":"closed","ping_status":"open","sticky":false,"template":"","format":"standard","meta":{"footnotes":""},"categories":[44,3],"tags":[1423],"class_list":["post-7625","post","type-post","status-publish","format-standard","has-post-thumbnail","hentry","category-deutschland-2","category-news","tag-monatsbericht"],"_links":{"self":[{"href":"https:\/\/www.frankensicht.de\/index.php?rest_route=\/wp\/v2\/posts\/7625","targetHints":{"allow":["GET"]}}],"collection":[{"href":"https:\/\/www.frankensicht.de\/index.php?rest_route=\/wp\/v2\/posts"}],"about":[{"href":"https:\/\/www.frankensicht.de\/index.php?rest_route=\/wp\/v2\/types\/post"}],"author":[{"embeddable":true,"href":"https:\/\/www.frankensicht.de\/index.php?rest_route=\/wp\/v2\/users\/7"}],"replies":[{"embeddable":true,"href":"https:\/\/www.frankensicht.de\/index.php?rest_route=%2Fwp%2Fv2%2Fcomments&post=7625"}],"version-history":[{"count":0,"href":"https:\/\/www.frankensicht.de\/index.php?rest_route=\/wp\/v2\/posts\/7625\/revisions"}],"wp:featuredmedia":[{"embeddable":true,"href":"https:\/\/www.frankensicht.de\/index.php?rest_route=\/wp\/v2\/media\/1513"}],"wp:attachment":[{"href":"https:\/\/www.frankensicht.de\/index.php?rest_route=%2Fwp%2Fv2%2Fmedia&parent=7625"}],"wp:term":[{"taxonomy":"category","embeddable":true,"href":"https:\/\/www.frankensicht.de\/index.php?rest_route=%2Fwp%2Fv2%2Fcategories&post=7625"},{"taxonomy":"post_tag","embeddable":true,"href":"https:\/\/www.frankensicht.de\/index.php?rest_route=%2Fwp%2Fv2%2Ftags&post=7625"}],"curies":[{"name":"wp","href":"https:\/\/api.w.org\/{rel}","templated":true}]}}