{"id":7607,"date":"2014-09-18T12:11:00","date_gmt":"2014-09-18T10:11:00","guid":{"rendered":"http:\/\/www.frankensicht.de\/?p=7607"},"modified":"2014-09-18T12:11:00","modified_gmt":"2014-09-18T10:11:00","slug":"neues-dienstgebaeude-des-staatsministeriums-fuer-gesundheit-und-pflege-feierlich-eingeweiht","status":"publish","type":"post","link":"https:\/\/www.frankensicht.de\/?p=7607","title":{"rendered":"Neues Dienstgeb\u00e4ude des Staatsministeriums f\u00fcr Gesundheit und Pflege feierlich eingeweiht"},"content":{"rendered":"<p><span style=\"color: #ff0000;\">M\u00fcnchen:<\/span><\/p>\n<p>Seehofer und Huml f\u00fcr intensive Gesundheitsvorsorge &#8211; Neues Dienstgeb\u00e4ude des Staatsministeriums f\u00fcr Gesundheit und Pflege feierlich eingeweiht<\/p>\n<p>Das neue Dienstgeb\u00e4ude des Bayerischen Gesundheits- und Pflegeministeriums ist am Donnerstag in M\u00fcnchen feierlich eingeweiht worden. Dabei sprach auch Bayerns Ministerpr\u00e4sident Horst Seehofer zu den rund 250 Ministeriums-Mitarbeitern, die seit Mitte August am neuen Standort in der N\u00e4he des M\u00fcnchner Ostbahnhofs untergebracht sind. Anschlie\u00dfend wurde das Geb\u00e4ude kirchlich gesegnet durch Domdekan Dr. Lorenz Wolf und die Regionalbisch\u00f6fin Susanne Breit-Ke\u00dfler.<\/p>\n<p>Der Ministerpr\u00e4sident \u00fcbergab der Bayerischen Gesundheitsministerin Melanie Huml symbolisch einen 1,30 Meter gro\u00dfen Schl\u00fcssel. Er betonte: &#8222;Es ist eine Premiere in der Geschichte Bayerns, dass es jetzt ein eigenst\u00e4ndiges Gesundheits- und Pflegeministerium gibt &#8211; und es ist ein wichtiges Signal.&#8220; Die Menschen m\u00fcssten sich darauf verlassen k\u00f6nnen, dass sie im Krankheitsfall und im Alter nicht allein gelassen werden. Es sei zudem richtig, dass Melanie Huml die Vorsorge als einen Schwerpunkt ihrer Politik gew\u00e4hlt habe, denn: &#8222;Pr\u00e4vention ist die beste Medizin.&#8220;<\/p>\n<p><a href=\"https:\/\/www.frankensicht.de\/?attachment_id=7610\" rel=\"attachment wp-att-7610\"><img loading=\"lazy\" decoding=\"async\" class=\"alignnone size-medium wp-image-7610\" src=\"https:\/\/www.frankensicht.de\/wp-content\/uploads\/2014\/09\/bayern-300x180.png\" alt=\"bayern\" width=\"300\" height=\"180\" srcset=\"https:\/\/www.frankensicht.de\/wp-content\/uploads\/2014\/09\/bayern-300x180.png 300w, https:\/\/www.frankensicht.de\/wp-content\/uploads\/2014\/09\/bayern.png 1000w\" sizes=\"auto, (max-width: 300px) 100vw, 300px\" \/><\/a><\/p>\n<p>Die Ministerin sagte: &#8222;Hell und freundlich, kompakt und modern &#8211; das sind die Attribute unseres neuen Domizils, in dem wir die wichtigen Zukunftsthemen anpacken werden. Ein Beispiel ist neben dem Bayerischen Pr\u00e4ventionsplan unser F\u00f6rderprogramm f\u00fcr Land\u00e4rzte. Au\u00dferdem werden wir weiter bayerische Akzente in der Bundespolitik setzen &#8211; etwa bei der Krankenhausreform!&#8220;<\/p>\n<p>Das Bayerische Gesundheits- und Pflegeministerium war im vergangenen Herbst neu geschaffen worden. Hintergrund ist die wachsende Bedeutung dieser Bereiche in Zeiten des demografischen Wandels. Am neuen Standort am Haidenauplatz 1 sind f\u00fcr das Ministerium 8.650 m\u00b2 B\u00fcro- und Funktionsfl\u00e4chen angemietet worden. Der Quadratmeterpreis liegt bei den B\u00fcror\u00e4umen bei circa 14 Euro.<\/p>\n<p>Quelle:stmgp.bayern.de<\/p>\n","protected":false},"excerpt":{"rendered":"<p>M\u00fcnchen: Seehofer und Huml f\u00fcr intensive Gesundheitsvorsorge &#8211; Neues Dienstgeb\u00e4ude des Staatsministeriums f\u00fcr Gesundheit und Pflege feierlich eingeweiht Das neue Dienstgeb\u00e4ude des Bayerischen Gesundheits- und Pflegeministeriums ist am Donnerstag in M\u00fcnchen feierlich eingeweiht worden. Dabei sprach auch Bayerns Ministerpr\u00e4sident Horst Seehofer zu den rund 250 Ministeriums-Mitarbeitern, die seit Mitte August am neuen Standort in der [&hellip;]<\/p>\n","protected":false},"author":7,"featured_media":7610,"comment_status":"closed","ping_status":"open","sticky":false,"template":"","format":"standard","meta":{"footnotes":""},"categories":[78,71],"tags":[1593],"class_list":["post-7607","post","type-post","status-publish","format-standard","has-post-thumbnail","hentry","category-bayern","category-menue","tag-gesundheitswesen"],"_links":{"self":[{"href":"https:\/\/www.frankensicht.de\/index.php?rest_route=\/wp\/v2\/posts\/7607","targetHints":{"allow":["GET"]}}],"collection":[{"href":"https:\/\/www.frankensicht.de\/index.php?rest_route=\/wp\/v2\/posts"}],"about":[{"href":"https:\/\/www.frankensicht.de\/index.php?rest_route=\/wp\/v2\/types\/post"}],"author":[{"embeddable":true,"href":"https:\/\/www.frankensicht.de\/index.php?rest_route=\/wp\/v2\/users\/7"}],"replies":[{"embeddable":true,"href":"https:\/\/www.frankensicht.de\/index.php?rest_route=%2Fwp%2Fv2%2Fcomments&post=7607"}],"version-history":[{"count":0,"href":"https:\/\/www.frankensicht.de\/index.php?rest_route=\/wp\/v2\/posts\/7607\/revisions"}],"wp:featuredmedia":[{"embeddable":true,"href":"https:\/\/www.frankensicht.de\/index.php?rest_route=\/wp\/v2\/media\/7610"}],"wp:attachment":[{"href":"https:\/\/www.frankensicht.de\/index.php?rest_route=%2Fwp%2Fv2%2Fmedia&parent=7607"}],"wp:term":[{"taxonomy":"category","embeddable":true,"href":"https:\/\/www.frankensicht.de\/index.php?rest_route=%2Fwp%2Fv2%2Fcategories&post=7607"},{"taxonomy":"post_tag","embeddable":true,"href":"https:\/\/www.frankensicht.de\/index.php?rest_route=%2Fwp%2Fv2%2Ftags&post=7607"}],"curies":[{"name":"wp","href":"https:\/\/api.w.org\/{rel}","templated":true}]}}