{"id":7595,"date":"2014-09-15T08:29:29","date_gmt":"2014-09-15T06:29:29","guid":{"rendered":"http:\/\/www.frankensicht.de\/?p=7595"},"modified":"2014-09-15T08:29:29","modified_gmt":"2014-09-15T06:29:29","slug":"tipp","status":"publish","type":"post","link":"https:\/\/www.frankensicht.de\/?p=7595","title":{"rendered":"TIPP"},"content":{"rendered":"<p><span style=\"color: #ff0000;\">M\u00fcnchen:<\/span><\/p>\n<p>Justizminister betont beim Wirtschaftsbeirat Unterfran-ken Chancen des TTIP \/ Bausback: &#8222;Das Transatlanti-sche Freihandelsabkommen zwischen den USA und Eu-ropa bietet Risiken, aber auch gro\u00dfe politische und wirt-schaftliche Chancen f\u00fcr beide Seiten!&#8220;<br \/>\nDer bayerische Justizminister Prof. Dr. Winfried Bausback hat am 13. September 2014 in Vertretung des Ministerpr\u00e4sidenten an der Podiumsdiskussion des Wirtschaftsbeirats Unterfranken f\u00fcr den Bezirk W\u00fcrzburg\/Schweinfurt teilgenommen. Der Minister dabei im Pastoriushaus in Sommerhausen zum Transatlantischen Freihandelsabkommen zwischen den USA und Europa &#8211; kurz TTIP: &#8222;Wir nehmen die Sorgen der B\u00fcrgerinnen und B\u00fcrger ernst. Die Bayerische Staatsregierung kann ein Abkommen, das am Willen der B\u00fcrgerinnen und B\u00fcrger vorbeigeht, nicht mittragen!&#8220; Sie unterst\u00fctze das Ziel einer Transatlantischen Handels- und Investitionspartnerschaft &#8211; doch am Ende m\u00fcsse, so Bausback, &#8222;ein ausgewogenes Abkommen stehen. Unsere B\u00fcrgerinnen und B\u00fcrger vertrauen auf unsere hohen Standards bei Ern\u00e4hrung, Umwelt und Gesundheit, Verbraucher- und Datenschutz. Diese Werte sind nicht verhandelbar! Ein Mehr an Liberalisierung im Handel darf nicht zu einem Weniger im Verbraucherschutz f\u00fchren!&#8220;<\/p>\n<p><a href=\"https:\/\/www.frankensicht.de\/?attachment_id=1235\" rel=\"attachment wp-att-1235\"><img loading=\"lazy\" decoding=\"async\" class=\"alignnone size-full wp-image-1235\" src=\"https:\/\/www.frankensicht.de\/wp-content\/uploads\/2012\/05\/stop.png\" alt=\"stop\" width=\"274\" height=\"258\" \/><\/a><\/p>\n<p>&#8222;Nach dem aktuellen Stand der Verhandlungen steht eine Absenkung unseres hohen Standards insbesondere bei Verbraucherschutz und Arbeitnehmerrechten aber nicht zu bef\u00fcrchten&#8220;, betont Bayerns Justizminister und weist daraufhin, dass trotz aller Bedenken das geplante Abkommen politische und wirtschaftliche Chancen f\u00fcr beide Seiten biete &#8211; und auch in ganz besonderem Ma\u00dfe f\u00fcr den Freistaat Bayern: &#8222;Denn unser gro\u00dfer wirtschaftlicher Erfolg beruht auf einer starken und konkurrenzf\u00e4higen Exportindustrie. Und die USA sind unser wichtigster Markt im Ausland und zugleich unser wichtigster Investitionsstandort.&#8220;<\/p>\n<p>Bayerns Justizminister weiter: &#8222;Die Folgen der europ\u00e4ischen Schuldenkrise sind noch nicht ausgestanden; hier liegt noch einiges an Arbeit vor uns. Viele europ\u00e4ische Staaten ben\u00f6tigen nach wie vor dringend einen Impuls f\u00fcr Wirtschaftswachstum und neue Arbeitspl\u00e4tze. Und das geplante Abkommen zur Transatlantischen Handels- und Investitionspartnerschaft w\u00fcrde solche Impulse schaffen&#8220;, so der Staatsminister unter Verweis etwa auf einen damit verbundenen Abbau von Z\u00f6llen und anderen Handelshemmnissen &#8211; und damit niedrigeren Kosten f\u00fcr Unternehmer und Verbraucher. &#8222;Laut einer Berechnung des ifo-Instituts k\u00f6nnte allein Bayern mit einem Wertsch\u00f6pfungszuwachs in H\u00f6he von 1,6 Milliarden Euro und rund 19.500 neuen Arbeitspl\u00e4tzen rechnen! Das w\u00fcrde eine weitere St\u00e4rkung unserer Wirtschaft bedeuten &#8211; zur Sicherung unseres Wohlstands&#8220;, so Bausback.<\/p>\n<p>Quelle:stmj.bayern.de<\/p>\n","protected":false},"excerpt":{"rendered":"<p>M\u00fcnchen: Justizminister betont beim Wirtschaftsbeirat Unterfran-ken Chancen des TTIP \/ Bausback: &#8222;Das Transatlanti-sche Freihandelsabkommen zwischen den USA und Eu-ropa bietet Risiken, aber auch gro\u00dfe politische und wirt-schaftliche Chancen f\u00fcr beide Seiten!&#8220; Der bayerische Justizminister Prof. Dr. Winfried Bausback hat am 13. September 2014 in Vertretung des Ministerpr\u00e4sidenten an der Podiumsdiskussion des Wirtschaftsbeirats Unterfranken f\u00fcr den [&hellip;]<\/p>\n","protected":false},"author":7,"featured_media":1235,"comment_status":"closed","ping_status":"open","sticky":false,"template":"","format":"standard","meta":{"footnotes":""},"categories":[78,71],"tags":[1590],"class_list":["post-7595","post","type-post","status-publish","format-standard","has-post-thumbnail","hentry","category-bayern","category-menue","tag-tipp"],"_links":{"self":[{"href":"https:\/\/www.frankensicht.de\/index.php?rest_route=\/wp\/v2\/posts\/7595","targetHints":{"allow":["GET"]}}],"collection":[{"href":"https:\/\/www.frankensicht.de\/index.php?rest_route=\/wp\/v2\/posts"}],"about":[{"href":"https:\/\/www.frankensicht.de\/index.php?rest_route=\/wp\/v2\/types\/post"}],"author":[{"embeddable":true,"href":"https:\/\/www.frankensicht.de\/index.php?rest_route=\/wp\/v2\/users\/7"}],"replies":[{"embeddable":true,"href":"https:\/\/www.frankensicht.de\/index.php?rest_route=%2Fwp%2Fv2%2Fcomments&post=7595"}],"version-history":[{"count":0,"href":"https:\/\/www.frankensicht.de\/index.php?rest_route=\/wp\/v2\/posts\/7595\/revisions"}],"wp:featuredmedia":[{"embeddable":true,"href":"https:\/\/www.frankensicht.de\/index.php?rest_route=\/wp\/v2\/media\/1235"}],"wp:attachment":[{"href":"https:\/\/www.frankensicht.de\/index.php?rest_route=%2Fwp%2Fv2%2Fmedia&parent=7595"}],"wp:term":[{"taxonomy":"category","embeddable":true,"href":"https:\/\/www.frankensicht.de\/index.php?rest_route=%2Fwp%2Fv2%2Fcategories&post=7595"},{"taxonomy":"post_tag","embeddable":true,"href":"https:\/\/www.frankensicht.de\/index.php?rest_route=%2Fwp%2Fv2%2Ftags&post=7595"}],"curies":[{"name":"wp","href":"https:\/\/api.w.org\/{rel}","templated":true}]}}