{"id":7561,"date":"2014-09-04T11:02:11","date_gmt":"2014-09-04T09:02:11","guid":{"rendered":"http:\/\/www.frankensicht.de\/?p=7561"},"modified":"2014-09-04T11:02:11","modified_gmt":"2014-09-04T09:02:11","slug":"foerderung-der-laendlichen-entwicklung-von-2014-bis-2020","status":"publish","type":"post","link":"https:\/\/www.frankensicht.de\/?p=7561","title":{"rendered":"F\u00f6rderung der l\u00e4ndlichen Entwicklung von 2014 bis 2020"},"content":{"rendered":"<p><span style=\"color: #ff0000;\">Berlin:<\/span><\/p>\n<p>F\u00f6rderung der l\u00e4ndlichen Entwicklung von 2014 bis 2020<br \/>\nELER-Programme bei der EU-Kommission zur Genehmigung eingereicht<\/p>\n<p>Durch die Reform der Gemeinsamen Agrarpolitik der Europ\u00e4ischen Union (GAP) wurde die F\u00f6rderung der l\u00e4ndlichen Entwicklung f\u00fcr die Jahre 2014 bis 2020 auf ein neues Fundament gestellt. Im Rahmen des Europ\u00e4ischen Landwirtschaftsfonds f\u00fcr die Entwicklung des l\u00e4ndlichen Raums (ELER), der zweiten S\u00e4ule der GAP, setzen die einzelnen Mitgliedsstaaten Entwicklungsprogramme um. In Deutschland nehmen die Bundesl\u00e4nder diese Aufgabe wahr: 13 deutsche ELER-Programme wurden nun bei der Europ\u00e4ischen Kommission zur Genehmigung eingereicht. &#8222;Auch in der neuen Wahlperiode des Europ\u00e4ischen Parlaments und mit einer neuen EU-Kommission wollen wir die integrierte F\u00f6rderung der l\u00e4ndlichen R\u00e4ume als existenzielle Aufgabe fortsetzen&#8220;, betonte Bundeslandwirtschaftsminister Christian Schmidt. &#8222;Die national kr\u00e4ftig aufgestockten ELER-Mittel sind ein wahrer Segen f\u00fcr die l\u00e4ndliche Entwicklung &#8211; und ein wesentliches Element meiner Politik f\u00fcr unsere l\u00e4ndlichen Regionen.&#8220; Die eingereichten Programme zeigten ein breites Spektrum, erkl\u00e4rte Schmidt. Von nachhaltiger Landwirtschaft, \u00fcber Dorferneuerung bis hin zum Hochwasserschutz seien Ma\u00dfnahmen beantragt worden. &#8222;Unsere l\u00e4ndlichen R\u00e4ume sind attraktiv und lebenswert. Wir m\u00fcssen weiter alle M\u00f6glichkeiten aussch\u00f6pfen, um die Kulturlandschaft zu erhalten und die Entwicklung l\u00e4ndlicher Regionen zu sichern. Die Unterst\u00fctzung durch den ELER ist dazu unverzichtbar. Mit der ELER-F\u00f6rderung k\u00f6nnen wir die l\u00e4ndlichen Regionen in ihrer Gesamtheit st\u00e4rken&#8220;, betonte der Bundeslandwirtschaftsminister.<\/p>\n<p><a href=\"https:\/\/www.frankensicht.de\/?attachment_id=7527\" rel=\"attachment wp-att-7527\"><img loading=\"lazy\" decoding=\"async\" class=\"alignnone size-medium wp-image-7527\" src=\"https:\/\/www.frankensicht.de\/wp-content\/uploads\/2014\/08\/heu-300x225.jpg\" alt=\"heu\" width=\"300\" height=\"225\" srcset=\"https:\/\/www.frankensicht.de\/wp-content\/uploads\/2014\/08\/heu-300x225.jpg 300w, https:\/\/www.frankensicht.de\/wp-content\/uploads\/2014\/08\/heu.jpg 640w\" sizes=\"auto, (max-width: 300px) 100vw, 300px\" \/><\/a><\/p>\n<p>Die Bundesl\u00e4nder sehen vor, knapp 17,6 Milliarden Euro in den Jahren 2014 bis 2020 einzusetzen, um die l\u00e4ndliche Entwicklung zu f\u00f6rdern &#8211; das sind gut 2,5 Milliarden Euro j\u00e4hrlich. Neben den EU-Mitteln in H\u00f6he von insgesamt 9,44 Milliarden Euro sollen 8,1 Milliarden Euro an nationalen Mitteln des Bundes, der L\u00e4nder und der Kommunen bereitgestellt werden. Das Bundesministerium f\u00fcr Ern\u00e4hrung und Landwirtschaft unterst\u00fctzt die L\u00e4nder dabei \u00fcber die Gemeinschaftsaufgabe &#8222;Verbesserung der Agrarstruktur und des K\u00fcstenschutzes&#8220; (GAK) mit 600 Millionen Euro j\u00e4hrlich.<\/p>\n<p>Der Schwerpunkt der ELER-F\u00f6rderung liegt nach den Programmentw\u00fcrfen auch k\u00fcnftig darauf, die nachhaltige Bewirtschaftung nat\u00fcrlicher Ressourcen zu f\u00f6rdern: rund 44 Prozent der Mittel sind daf\u00fcr vorgesehen. Honoriert werden sollen insbesondere die extensive Produktion, bei der auf den Einsatz von D\u00fcnger und Pflanzenschutz ganz oder teilweise verzichtet wird, sowie die Bereitschaft der Landwirte, \u00f6kologischen Landbau einzuf\u00fchren oder beizubehalten. Auch Landwirtschaft unter ung\u00fcnstigen nat\u00fcrlichen Bedingungen in Berggebieten oder anderen nat\u00fcrlich benachteiligten Gebieten soll im Hinblick auf die Erhaltung der Kulturlandschaft gef\u00f6rdert werden. Um die Wettbewerbsf\u00e4higkeit der Landwirtschaft und den Hochwasser- und K\u00fcstenschutz zu verbessern, soll etwa ein Viertel der Mittel eingesetzt werden. Rund 17 Prozent sind eingeplant, um eine ausgewogene Entwicklung der l\u00e4ndlichen Wirtschaft zu f\u00f6rdern. Wesentlich gest\u00e4rkt wird k\u00fcnftig die F\u00f6rderung auf Basis von regionalen Entwicklungskonzepten im Rahmen von Leader, eines besonderen methodischen F\u00f6rderansatzes im Rahmen der ELER-F\u00f6rderung, mit einem Anteil von rund 12 Prozent der Mittel. An der Erstellung und Umsetzung dieser Konzepte wirken die Akteure vor Ort ma\u00dfgeblich mit. Sie bringen damit sowohl ihre Kenntnisse der regionalen Potenziale als auch ihre Erwartungen an ein lebenswertes Umfeld im l\u00e4ndlichen Raum ein.<\/p>\n<p>Weitere Informationen erhalten Sie im Internet unter: www.bmel.de\/eler2014-2020&lt;http:\/\/www.bmel.de\/eler2014-2020&gt;<\/p>\n<p>Quelle:bmel.bund.de<\/p>\n","protected":false},"excerpt":{"rendered":"<p>Berlin: F\u00f6rderung der l\u00e4ndlichen Entwicklung von 2014 bis 2020 ELER-Programme bei der EU-Kommission zur Genehmigung eingereicht Durch die Reform der Gemeinsamen Agrarpolitik der Europ\u00e4ischen Union (GAP) wurde die F\u00f6rderung der l\u00e4ndlichen Entwicklung f\u00fcr die Jahre 2014 bis 2020 auf ein neues Fundament gestellt. Im Rahmen des Europ\u00e4ischen Landwirtschaftsfonds f\u00fcr die Entwicklung des l\u00e4ndlichen Raums (ELER), [&hellip;]<\/p>\n","protected":false},"author":7,"featured_media":7527,"comment_status":"closed","ping_status":"open","sticky":false,"template":"","format":"standard","meta":{"footnotes":""},"categories":[44,3],"tags":[1584],"class_list":["post-7561","post","type-post","status-publish","format-standard","has-post-thumbnail","hentry","category-deutschland-2","category-news","tag-laendliche-foerderung"],"_links":{"self":[{"href":"https:\/\/www.frankensicht.de\/index.php?rest_route=\/wp\/v2\/posts\/7561","targetHints":{"allow":["GET"]}}],"collection":[{"href":"https:\/\/www.frankensicht.de\/index.php?rest_route=\/wp\/v2\/posts"}],"about":[{"href":"https:\/\/www.frankensicht.de\/index.php?rest_route=\/wp\/v2\/types\/post"}],"author":[{"embeddable":true,"href":"https:\/\/www.frankensicht.de\/index.php?rest_route=\/wp\/v2\/users\/7"}],"replies":[{"embeddable":true,"href":"https:\/\/www.frankensicht.de\/index.php?rest_route=%2Fwp%2Fv2%2Fcomments&post=7561"}],"version-history":[{"count":0,"href":"https:\/\/www.frankensicht.de\/index.php?rest_route=\/wp\/v2\/posts\/7561\/revisions"}],"wp:featuredmedia":[{"embeddable":true,"href":"https:\/\/www.frankensicht.de\/index.php?rest_route=\/wp\/v2\/media\/7527"}],"wp:attachment":[{"href":"https:\/\/www.frankensicht.de\/index.php?rest_route=%2Fwp%2Fv2%2Fmedia&parent=7561"}],"wp:term":[{"taxonomy":"category","embeddable":true,"href":"https:\/\/www.frankensicht.de\/index.php?rest_route=%2Fwp%2Fv2%2Fcategories&post=7561"},{"taxonomy":"post_tag","embeddable":true,"href":"https:\/\/www.frankensicht.de\/index.php?rest_route=%2Fwp%2Fv2%2Ftags&post=7561"}],"curies":[{"name":"wp","href":"https:\/\/api.w.org\/{rel}","templated":true}]}}