{"id":7513,"date":"2014-08-24T08:13:31","date_gmt":"2014-08-24T06:13:31","guid":{"rendered":"http:\/\/www.frankensicht.de\/?p=7513"},"modified":"2014-08-24T08:13:31","modified_gmt":"2014-08-24T06:13:31","slug":"ausbildung-auslaendischer-fachkraefte-in-der-pflegewirtschaft-veranstaltung-zu-erfahrungen-und-chancen","status":"publish","type":"post","link":"https:\/\/www.frankensicht.de\/?p=7513","title":{"rendered":"Ausbildung ausl\u00e4ndischer Fachkr\u00e4fte in der Pflegewirtschaft &#8211; Veranstaltung zu Erfahrungen und Chancen"},"content":{"rendered":"<p><span style=\"color: #ff0000;\">Berlin:<\/span><\/p>\n<p>Ausbildung ausl\u00e4ndischer Fachkr\u00e4fte in der Pflegewirtschaft &#8211; Veranstaltung zu<br \/>\nErfahrungen und Chancen<\/p>\n<p><a href=\"https:\/\/www.frankensicht.de\/?attachment_id=4951\" rel=\"attachment wp-att-4951\"><img loading=\"lazy\" decoding=\"async\" class=\"alignnone size-medium wp-image-4951\" src=\"https:\/\/www.frankensicht.de\/wp-content\/uploads\/2013\/01\/krankenhaus-300x187.jpg\" alt=\"krankenhaus\" width=\"300\" height=\"187\" srcset=\"https:\/\/www.frankensicht.de\/wp-content\/uploads\/2013\/01\/krankenhaus-300x187.jpg 300w, https:\/\/www.frankensicht.de\/wp-content\/uploads\/2013\/01\/krankenhaus.jpg 640w\" sizes=\"auto, (max-width: 300px) 100vw, 300px\" \/><\/a><\/p>\n<p>Der Staatssekret\u00e4r im Bundesministerium f\u00fcr Wirtschaft und Energie (BMWi), Dr.<br \/>\nRainer Sontowski, hat heute auf einer Veranstaltung im BMWi das Modellprojekt zur<br \/>\nAusbildung von Zuwanderern aus Drittstaaten in der Pflegewirtschaft vorgestellt.<br \/>\n\u00dcber 150 Expertinnen und Experten aus der Pflegebranche, der Arbeits- und<br \/>\nUnternehmenspraxis diskutierten dabei die Chancen und Hemmnisse der Ausbildung<br \/>\njunger Menschen aus Drittstaaten zur Gewinnung k\u00fcnftiger Pflegefachkr\u00e4fte.<\/p>\n<p>Staatssekret\u00e4r Dr. Sontowski: &#8222;Der Anstieg der Pflegebed\u00fcrftigen und der weiter<br \/>\nsteigende Bedarf an qualifizierten Pflegefachkr\u00e4ften stellt die Pflegewirtschaft<br \/>\nvor besondere Herausforderungen. Bereits jetzt konstatieren die<br \/>\nWohlfahrtsverb\u00e4nde und die Bundesagentur f\u00fcr Arbeit einen gravierenden Mangel an<br \/>\nexaminierten Altenpflegern und warnen vor einem akuten Pflegenotstand. Deshalb<br \/>\nist die Gewinnung von Fachkr\u00e4ften<br \/>\n&lt;http:\/\/www.bmwi.de\/DE\/Themen\/Ausbildung-und-Beruf\/fachkraeftesicherung.html&gt;<br \/>\nauch aus dem Nicht-EU-Ausland unumg\u00e4nglich. Mit dem Modellprojekt des BMWi zur<br \/>\nAusbildung von jungen Fachkr\u00e4ften aus Vietnam in Deutschland zeigen wir neue Wege<br \/>\nauf. Die Ausbildung ist zugleich ein St\u00fcck gelebte Integration. Mit dem<br \/>\nModellprojekt tragen wir auch daf\u00fcr Sorge, dass die Anwerbung von Fachkr\u00e4ften<br \/>\noder Auszubildenden unter fairen Bedingungen geschieht: Weder darf es f\u00fcr die<br \/>\nAusbildung zu einer Verschuldung der Angeworbenen oder ihrer Familien kommen noch<br \/>\ndarf es f\u00fcr diese Menschen Arbeitsbedingungen zweiter Klasse geben.&#8220;<\/p>\n<p>Deutschland verzeichnet derzeit einen gravierenden Fachkr\u00e4ftemangel in der<br \/>\nPflegewirtschaft, der sich aufgrund der demografischen Entwicklung in Deutschland<br \/>\nmittel- und langfristig weiter zuspitzen wird. Mit dem Modellprojekt &#8222;Ausbildung<br \/>\njunger Menschen aus Vietnam in Deutschland zu Pflegefachkr\u00e4ften&#8220; hat das BMWi die<br \/>\nInitiative ergriffen, die Pflegewirtschaft bei der Rekrutierung von Fachkr\u00e4ften<br \/>\nzu unterst\u00fctzen. Mit seinem Pilotvorhaben setzt das BMWi auf die Ausbildung. Seit<br \/>\nHerbst 2013 absolviert eine Gruppe von 100 jungen Vietnamesinnen und Vietnamesen<br \/>\neine Ausbildung zur Altenpflegefachkraft. Berufsbegleitende Sprachkurse und<br \/>\ninterkulturelle Begleitprogramme erleichtern das Ankommen im neuen Alltag.<br \/>\nFachnahe Regionalkoordinatoren und vietnamesisch-sprachige Mentoren begleiten die<br \/>\nAuszubildenden und ihre Praxispartner in Beruf und Theorie. Durch die Ausbildung<br \/>\nsoll sichergestellt werden, dass die Pflegekr\u00e4fte nachhaltig integriert werden<br \/>\nund sie die deutschen Pflegestandards von Grund auf erlernen. Dadurch er\u00f6ffnen<br \/>\nsich ihnen langfristige berufliche Perspektiven in Deutschland. Den deutschen<br \/>\nPflegeeinrichtungen soll ein Weg aufgezeigt werden, in Zukunft m\u00f6glichst autonom<br \/>\neigene Kooperationen mit vietnamesischen Partnereinrichtungen einzugehen.<\/p>\n<p>Weitere Informationen finden Sie hier (PDF: 341 KB)<br \/>\n&lt;http:\/\/www.bmwi.de\/BMWi\/Redaktion\/PDF\/F\/fachkraeftesicherung-fair-gestalten,property=pdf,bereich=bmwi,sprache=de,rwb=true.pdf&gt;<br \/>\nund in der folgenden Publikation: Ausbildung junger Menschen aus Drittstaaten &#8211;<br \/>\nChancen zur Gewinnung k\u00fcnftiger Fachkr\u00e4fte f\u00fcr die Pflegewirtschaft<br \/>\n&lt;http:\/\/www.bmwi.de\/DE\/Mediathek\/publikationen,did=650600.html&gt;.<\/p>\n<p>Quelle:bmwi.bund.de<\/p>\n","protected":false},"excerpt":{"rendered":"<p>Berlin: Ausbildung ausl\u00e4ndischer Fachkr\u00e4fte in der Pflegewirtschaft &#8211; Veranstaltung zu Erfahrungen und Chancen Der Staatssekret\u00e4r im Bundesministerium f\u00fcr Wirtschaft und Energie (BMWi), Dr. Rainer Sontowski, hat heute auf einer Veranstaltung im BMWi das Modellprojekt zur Ausbildung von Zuwanderern aus Drittstaaten in der Pflegewirtschaft vorgestellt. \u00dcber 150 Expertinnen und Experten aus der Pflegebranche, der Arbeits- und [&hellip;]<\/p>\n","protected":false},"author":7,"featured_media":4951,"comment_status":"closed","ping_status":"open","sticky":false,"template":"","format":"standard","meta":{"footnotes":""},"categories":[44,3],"tags":[1575],"class_list":["post-7513","post","type-post","status-publish","format-standard","has-post-thumbnail","hentry","category-deutschland-2","category-news","tag-pflegekraefte"],"_links":{"self":[{"href":"https:\/\/www.frankensicht.de\/index.php?rest_route=\/wp\/v2\/posts\/7513","targetHints":{"allow":["GET"]}}],"collection":[{"href":"https:\/\/www.frankensicht.de\/index.php?rest_route=\/wp\/v2\/posts"}],"about":[{"href":"https:\/\/www.frankensicht.de\/index.php?rest_route=\/wp\/v2\/types\/post"}],"author":[{"embeddable":true,"href":"https:\/\/www.frankensicht.de\/index.php?rest_route=\/wp\/v2\/users\/7"}],"replies":[{"embeddable":true,"href":"https:\/\/www.frankensicht.de\/index.php?rest_route=%2Fwp%2Fv2%2Fcomments&post=7513"}],"version-history":[{"count":0,"href":"https:\/\/www.frankensicht.de\/index.php?rest_route=\/wp\/v2\/posts\/7513\/revisions"}],"wp:featuredmedia":[{"embeddable":true,"href":"https:\/\/www.frankensicht.de\/index.php?rest_route=\/wp\/v2\/media\/4951"}],"wp:attachment":[{"href":"https:\/\/www.frankensicht.de\/index.php?rest_route=%2Fwp%2Fv2%2Fmedia&parent=7513"}],"wp:term":[{"taxonomy":"category","embeddable":true,"href":"https:\/\/www.frankensicht.de\/index.php?rest_route=%2Fwp%2Fv2%2Fcategories&post=7513"},{"taxonomy":"post_tag","embeddable":true,"href":"https:\/\/www.frankensicht.de\/index.php?rest_route=%2Fwp%2Fv2%2Ftags&post=7513"}],"curies":[{"name":"wp","href":"https:\/\/api.w.org\/{rel}","templated":true}]}}