{"id":7505,"date":"2014-08-21T12:23:44","date_gmt":"2014-08-21T10:23:44","guid":{"rendered":"http:\/\/www.frankensicht.de\/?p=7505"},"modified":"2014-08-21T12:23:44","modified_gmt":"2014-08-21T10:23:44","slug":"bundesfinanzminister-schaeuble-und-israelischer-finanzminister-lapid-unterzeichnen-doppelbesteuerungsabkommen","status":"publish","type":"post","link":"https:\/\/www.frankensicht.de\/?p=7505","title":{"rendered":"Bundesfinanzminister Sch\u00e4uble und israelischer Finanzminister Lapid unterzeichnen Doppelbesteuerungsabkommen"},"content":{"rendered":"<p><span style=\"color: #ff0000;\">Berlin:<\/span><\/p>\n<p>Der israelische Finanzminister Yair Lapid und sein deutscher Amtskollege Wolfgang Sch\u00e4uble haben haben am 21. August 2014 in Berlin ein \u00fcberarbeitetes deutsch-israelisches Doppelbesteuerungsabkommen unterzeichnet. Das zuletzt 1977 revidierte Abkommen wird an den aktuellen Stand des internationalen Steuerrechts und der wirtschaftlichen Beziehungen zwischen Israel und Deutschland angepasst.<\/p>\n<p><a href=\"https:\/\/www.frankensicht.de\/?attachment_id=7507\" rel=\"attachment wp-att-7507\"><img loading=\"lazy\" decoding=\"async\" class=\"alignnone size-medium wp-image-7507\" src=\"https:\/\/www.frankensicht.de\/wp-content\/uploads\/2014\/08\/2014-08-21-DBA-Israel-300x201.jpg\" alt=\"2014-08-21-DBA-Israel\" width=\"300\" height=\"201\" srcset=\"https:\/\/www.frankensicht.de\/wp-content\/uploads\/2014\/08\/2014-08-21-DBA-Israel-300x201.jpg 300w, https:\/\/www.frankensicht.de\/wp-content\/uploads\/2014\/08\/2014-08-21-DBA-Israel-220x146.jpg 220w, https:\/\/www.frankensicht.de\/wp-content\/uploads\/2014\/08\/2014-08-21-DBA-Israel.jpg 620w\" sizes=\"auto, (max-width: 300px) 100vw, 300px\" \/><\/a><\/p>\n<p>@ bundesfinanzministerium.de<\/p>\n<p>Das \u00fcberarbeitete Abkommen regelt nun ausdr\u00fccklich, dass Renten, die als Entsch\u00e4digung f\u00fcr politische Verfolgung oder f\u00fcr Unrecht oder Sch\u00e4den aufgrund von Kriegshandlungen (einschlie\u00dflich Wiedergutmachungsleistungen) geleistet werden, in keinem der beiden Vertragsstaaten besteuert werden. Bisher war dies nur durch einen Notenaustausch zwischen Israel und Deutschland geregelt.<\/p>\n<p>Das Abkommen basiert auf dem Muster der OECD f\u00fcr zwischenstaatliche Abkommen zur Vermeidung der Doppelbesteuerung. Mit dem revidierten Abkommen werden grenz\u00fcberschreitende Investitionen zwischen Deutschland und Israel erleichtert und die bilateralen wirtschaftlichen Beziehungen gef\u00f6rdert. So sinkt der Steuersatz f\u00fcr die Besteuerung von Zinsen und Dividenden an der Quelle von 25 % auf 10 %, in bestimmten F\u00e4llen bis auf 5 %. Bei Lizenzgeb\u00fchren wird eine Besteuerung im Quellenstaat g\u00e4nzlich ausgeschlossen.<\/p>\n<p>Zudem wird mit dem Abkommen der Informationsaustausch in Steuersachen zwischen beiden Staaten verbessert und an internationale Standards angepasst.<\/p>\n<p>Quelle:bundesfinanzministerium.de<\/p>\n","protected":false},"excerpt":{"rendered":"<p>Berlin: Der israelische Finanzminister Yair Lapid und sein deutscher Amtskollege Wolfgang Sch\u00e4uble haben haben am 21. August 2014 in Berlin ein \u00fcberarbeitetes deutsch-israelisches Doppelbesteuerungsabkommen unterzeichnet. Das zuletzt 1977 revidierte Abkommen wird an den aktuellen Stand des internationalen Steuerrechts und der wirtschaftlichen Beziehungen zwischen Israel und Deutschland angepasst. @ bundesfinanzministerium.de Das \u00fcberarbeitete Abkommen regelt nun ausdr\u00fccklich, [&hellip;]<\/p>\n","protected":false},"author":7,"featured_media":7507,"comment_status":"closed","ping_status":"open","sticky":false,"template":"","format":"standard","meta":{"footnotes":""},"categories":[3,30],"tags":[1442],"class_list":["post-7505","post","type-post","status-publish","format-standard","has-post-thumbnail","hentry","category-news","category-welt","tag-israel"],"_links":{"self":[{"href":"https:\/\/www.frankensicht.de\/index.php?rest_route=\/wp\/v2\/posts\/7505","targetHints":{"allow":["GET"]}}],"collection":[{"href":"https:\/\/www.frankensicht.de\/index.php?rest_route=\/wp\/v2\/posts"}],"about":[{"href":"https:\/\/www.frankensicht.de\/index.php?rest_route=\/wp\/v2\/types\/post"}],"author":[{"embeddable":true,"href":"https:\/\/www.frankensicht.de\/index.php?rest_route=\/wp\/v2\/users\/7"}],"replies":[{"embeddable":true,"href":"https:\/\/www.frankensicht.de\/index.php?rest_route=%2Fwp%2Fv2%2Fcomments&post=7505"}],"version-history":[{"count":0,"href":"https:\/\/www.frankensicht.de\/index.php?rest_route=\/wp\/v2\/posts\/7505\/revisions"}],"wp:featuredmedia":[{"embeddable":true,"href":"https:\/\/www.frankensicht.de\/index.php?rest_route=\/wp\/v2\/media\/7507"}],"wp:attachment":[{"href":"https:\/\/www.frankensicht.de\/index.php?rest_route=%2Fwp%2Fv2%2Fmedia&parent=7505"}],"wp:term":[{"taxonomy":"category","embeddable":true,"href":"https:\/\/www.frankensicht.de\/index.php?rest_route=%2Fwp%2Fv2%2Fcategories&post=7505"},{"taxonomy":"post_tag","embeddable":true,"href":"https:\/\/www.frankensicht.de\/index.php?rest_route=%2Fwp%2Fv2%2Ftags&post=7505"}],"curies":[{"name":"wp","href":"https:\/\/api.w.org\/{rel}","templated":true}]}}