{"id":749,"date":"2012-04-13T14:28:30","date_gmt":"2012-04-13T12:28:30","guid":{"rendered":"http:\/\/www.frankensicht.de\/?p=749"},"modified":"2012-04-13T14:29:09","modified_gmt":"2012-04-13T12:29:09","slug":"leben-mit-demenz-in-erlangen","status":"publish","type":"post","link":"https:\/\/www.frankensicht.de\/?p=749","title":{"rendered":"Leben mit Demenz in Erlangen"},"content":{"rendered":"<p><span style=\"color: #ff0000;\">Erlangen:<\/span><br \/>\n\u00d6ffentliche Informationstage am 20. und 21. April 2012<\/p>\n<p>Freitag, 20. April, Fachvortr\u00e4ge in der Heinrich-Lades-Halle, kleiner Saal.<br \/>\nSamstag, 21. April kostenlose Bustour zu vier Erlanger Seniorenheimen.<\/p>\n<p>Wir laden alle interessierte B\u00fcrgerinnen und B\u00fcrger, ebenso wie Menschen, die an Demenz erkrankt sind, und Angeh\u00f6rige und BegleiterInnen von Menschen mit Demenz in die Heinrich-Lades-Halle, kleiner Saal, ein.<\/p>\n<p>Die Informationsveranstaltung am Freitag er\u00f6ffnet ein breites Spektrum \u00fcber das &#8222;Leben mit Demenz&#8220;. Vortr\u00e4ge \u00fcber &#8222;Wieviel Vergessen ist im Alter noch normal?&#8230;&#8220;, \u00fcber ein anderes Denken in der Begleitung von Menschen mit Demenz und \u00fcber Mobilit\u00e4t mit Demenz in Erlangen. Schulungen f\u00fcr Familien, Kliniken und Pflegeheime geben Rat f\u00fcr den Umgang mit Demenzerkrankten. Dar\u00fcberhinaus bietet ein Workshop f\u00fcr Dienstleistungsunternehmen, wie Taxi, Bus, Superm\u00e4rkte, Finanzdienstleister und Polizei unterst\u00fctzenden Umgang mit Demenzerkrankten.<\/p>\n<p>Am Samstag f\u00fchren zwei kostenlose Bustouren zu vier Erlanger Seniorenheimen und zeigen m\u00f6gliche Betreuungsangebote auf. Wir laden Sie herzlich ein, an unseren Informationstagen teilzunehmen. In der angef\u00fcgten Brosch\u00fcre finden Sie alle wichtigen Daten auf einen Blick.<\/p>\n<p>Quelle: erlangen.de<\/p>\n<p><a href=\"https:\/\/www.frankensicht.de\/?attachment_id=751\" rel=\"attachment wp-att-751\"><img loading=\"lazy\" decoding=\"async\" class=\"alignnone size-full wp-image-751\" title=\"Erlangen\" src=\"https:\/\/www.frankensicht.de\/wp-content\/uploads\/2012\/04\/Erlangen.jpg\" alt=\"\" width=\"140\" height=\"151\" \/><\/a><\/p>\n<p>Foto: wikipedia<\/p>\n","protected":false},"excerpt":{"rendered":"<p>Erlangen: \u00d6ffentliche Informationstage am 20. und 21. April 2012 Freitag, 20. April, Fachvortr\u00e4ge in der Heinrich-Lades-Halle, kleiner Saal. Samstag, 21. April kostenlose Bustour zu vier Erlanger Seniorenheimen. Wir laden alle interessierte B\u00fcrgerinnen und B\u00fcrger, ebenso wie Menschen, die an Demenz erkrankt sind, und Angeh\u00f6rige und BegleiterInnen von Menschen mit Demenz in die Heinrich-Lades-Halle, kleiner Saal, [&hellip;]<\/p>\n","protected":false},"author":7,"featured_media":0,"comment_status":"open","ping_status":"open","sticky":false,"template":"","format":"standard","meta":{"footnotes":""},"categories":[111,85],"tags":[205,204],"class_list":["post-749","post","type-post","status-publish","format-standard","hentry","category-erlangen-mittelfranken","category-mittelfranken","tag-demenz","tag-erlangen"],"_links":{"self":[{"href":"https:\/\/www.frankensicht.de\/index.php?rest_route=\/wp\/v2\/posts\/749","targetHints":{"allow":["GET"]}}],"collection":[{"href":"https:\/\/www.frankensicht.de\/index.php?rest_route=\/wp\/v2\/posts"}],"about":[{"href":"https:\/\/www.frankensicht.de\/index.php?rest_route=\/wp\/v2\/types\/post"}],"author":[{"embeddable":true,"href":"https:\/\/www.frankensicht.de\/index.php?rest_route=\/wp\/v2\/users\/7"}],"replies":[{"embeddable":true,"href":"https:\/\/www.frankensicht.de\/index.php?rest_route=%2Fwp%2Fv2%2Fcomments&post=749"}],"version-history":[{"count":0,"href":"https:\/\/www.frankensicht.de\/index.php?rest_route=\/wp\/v2\/posts\/749\/revisions"}],"wp:attachment":[{"href":"https:\/\/www.frankensicht.de\/index.php?rest_route=%2Fwp%2Fv2%2Fmedia&parent=749"}],"wp:term":[{"taxonomy":"category","embeddable":true,"href":"https:\/\/www.frankensicht.de\/index.php?rest_route=%2Fwp%2Fv2%2Fcategories&post=749"},{"taxonomy":"post_tag","embeddable":true,"href":"https:\/\/www.frankensicht.de\/index.php?rest_route=%2Fwp%2Fv2%2Ftags&post=749"}],"curies":[{"name":"wp","href":"https:\/\/api.w.org\/{rel}","templated":true}]}}