{"id":7474,"date":"2014-08-14T10:57:26","date_gmt":"2014-08-14T08:57:26","guid":{"rendered":"http:\/\/www.frankensicht.de\/?p=7474"},"modified":"2014-08-14T10:57:26","modified_gmt":"2014-08-14T08:57:26","slug":"bayerns-gesundheits-und-pflegeministerium-ist-umgezogen","status":"publish","type":"post","link":"https:\/\/www.frankensicht.de\/?p=7474","title":{"rendered":"Bayerns Gesundheits- und Pflegeministerium ist umgezogen"},"content":{"rendered":"<p><span style=\"color: #ff0000;\">M\u00fcnchen:<\/span><\/p>\n<p>Bayerns Gesundheits- und Pflegeministerium ist umgezogen &#8211; Neuer Standort am M\u00fcnchner Haidenauplatz &#8211; Huml: Bayern wird bei Zukunftsthemen verst\u00e4rkt Akzente setzen<\/p>\n<p>Das Bayerische Gesundheits- und Pflegeministerium ist umgezogen. Seit Donnerstag (14. August) sind die knapp 250 Mitarbeiter am neuen Standort untergebracht &#8211; dem Haidenauplatz 1 in der N\u00e4he des M\u00fcnchner Ostbahnhofs. Damit ist die gemeinsame Zeit mit dem Bayerischen Umweltministerium am Rosenkavalierplatz und mit dem Bayerischen Sozialministerium in der Winzererstra\u00dfe beendet.<\/p>\n<p><a href=\"https:\/\/www.frankensicht.de\/?attachment_id=7477\" rel=\"attachment wp-att-7477\"><img loading=\"lazy\" decoding=\"async\" class=\"alignnone size-medium wp-image-7477\" src=\"https:\/\/www.frankensicht.de\/wp-content\/uploads\/2014\/08\/P1020626-300x225.jpg\" alt=\"P1020626\" width=\"300\" height=\"225\" srcset=\"https:\/\/www.frankensicht.de\/wp-content\/uploads\/2014\/08\/P1020626-300x225.jpg 300w, https:\/\/www.frankensicht.de\/wp-content\/uploads\/2014\/08\/P1020626.jpg 640w\" sizes=\"auto, (max-width: 300px) 100vw, 300px\" \/><\/a><\/p>\n<p>Bayerns Gesundheits- und Pflegeministerin Melanie Huml betonte: &#8222;Ich freue mich, dass nun alle Mitarbeiter unter einem Dach vereint sind. Unser neues Geb\u00e4ude bietet sehr gute Arbeitsbedingungen. Ein Schwerpunktthema wird nach der Sommerpause der Bayerische Pr\u00e4ventionsplan sein. Aber auch die Pflegereform bleibt auf der Tagesordnung. So werde ich mich in Berlin daf\u00fcr einsetzen, dass die Kosten der Ausbildung auf mehrere Schultern verteilt werden.&#8220;<\/p>\n<p>Das Bayerische Gesundheits- und Pflegeministerium war im Herbst vergangenen Jahres nach der Landtagswahl neu geschaffen worden. Ein wichtiger Grund f\u00fcr diesen Schritt ist die wachsende Bedeutung dieser beiden Zukunftsthemen in Zeiten des demografischen Wandels.<\/p>\n<p>Zun\u00e4chst waren die Mitarbeiter an verschiedenen Standorten untergebracht. Huml unterstrich: &#8222;Bayern wird in der Gesundheits- und Pflegepolitik auch in Berlin verst\u00e4rkt Akzente setzen. Ich suche aber weiter das direkte Gespr\u00e4ch mit den B\u00fcrgerinnen und B\u00fcrgern im Freistaat. Denn der Mensch steht im Mittelpunkt der Politik meines Ministeriums &#8211; von der Geburt bis zum Lebensende.&#8220;<\/p>\n<p>Am Haidenauplatz 1 sind 8.650 m\u00b2 B\u00fcro- und Funktionsfl\u00e4chen angemietet worden. Daraus ergeben sich 225 B\u00fcror\u00e4ume und 29 sogenannte Funktionsfl\u00e4chen, also zum Beispiel die Poststelle und die Bibliothek. Der Quadratmeterpreis liegt bei den B\u00fcror\u00e4umen bei circa 14 Euro.<br \/>\nQuelle:stmgp.bayern.de<\/p>\n","protected":false},"excerpt":{"rendered":"<p>M\u00fcnchen: Bayerns Gesundheits- und Pflegeministerium ist umgezogen &#8211; Neuer Standort am M\u00fcnchner Haidenauplatz &#8211; Huml: Bayern wird bei Zukunftsthemen verst\u00e4rkt Akzente setzen Das Bayerische Gesundheits- und Pflegeministerium ist umgezogen. Seit Donnerstag (14. August) sind die knapp 250 Mitarbeiter am neuen Standort untergebracht &#8211; dem Haidenauplatz 1 in der N\u00e4he des M\u00fcnchner Ostbahnhofs. Damit ist die [&hellip;]<\/p>\n","protected":false},"author":7,"featured_media":7477,"comment_status":"closed","ping_status":"open","sticky":false,"template":"","format":"standard","meta":{"footnotes":""},"categories":[78,71],"tags":[1567],"class_list":["post-7474","post","type-post","status-publish","format-standard","has-post-thumbnail","hentry","category-bayern","category-menue","tag-umzug"],"_links":{"self":[{"href":"https:\/\/www.frankensicht.de\/index.php?rest_route=\/wp\/v2\/posts\/7474","targetHints":{"allow":["GET"]}}],"collection":[{"href":"https:\/\/www.frankensicht.de\/index.php?rest_route=\/wp\/v2\/posts"}],"about":[{"href":"https:\/\/www.frankensicht.de\/index.php?rest_route=\/wp\/v2\/types\/post"}],"author":[{"embeddable":true,"href":"https:\/\/www.frankensicht.de\/index.php?rest_route=\/wp\/v2\/users\/7"}],"replies":[{"embeddable":true,"href":"https:\/\/www.frankensicht.de\/index.php?rest_route=%2Fwp%2Fv2%2Fcomments&post=7474"}],"version-history":[{"count":0,"href":"https:\/\/www.frankensicht.de\/index.php?rest_route=\/wp\/v2\/posts\/7474\/revisions"}],"wp:featuredmedia":[{"embeddable":true,"href":"https:\/\/www.frankensicht.de\/index.php?rest_route=\/wp\/v2\/media\/7477"}],"wp:attachment":[{"href":"https:\/\/www.frankensicht.de\/index.php?rest_route=%2Fwp%2Fv2%2Fmedia&parent=7474"}],"wp:term":[{"taxonomy":"category","embeddable":true,"href":"https:\/\/www.frankensicht.de\/index.php?rest_route=%2Fwp%2Fv2%2Fcategories&post=7474"},{"taxonomy":"post_tag","embeddable":true,"href":"https:\/\/www.frankensicht.de\/index.php?rest_route=%2Fwp%2Fv2%2Ftags&post=7474"}],"curies":[{"name":"wp","href":"https:\/\/api.w.org\/{rel}","templated":true}]}}