{"id":7456,"date":"2014-08-08T13:22:10","date_gmt":"2014-08-08T11:22:10","guid":{"rendered":"http:\/\/www.frankensicht.de\/?p=7456"},"modified":"2014-08-08T13:22:10","modified_gmt":"2014-08-08T11:22:10","slug":"hautkrebs-vorsorge-faengt-im-kindesalter-an","status":"publish","type":"post","link":"https:\/\/www.frankensicht.de\/?p=7456","title":{"rendered":"Hautkrebs-Vorsorge f\u00e4ngt im Kindesalter an"},"content":{"rendered":"<p><span style=\"color: #ff0000;\">Berlin:<\/span><\/p>\n<p>Hautkrebs-Vorsorge f\u00e4ngt im Kindesalter an<\/p>\n<p>Sonnenbr\u00e4nde im Kindesalter geh\u00f6ren zu den Hauptursachen von Hautkrebs.<br \/>\nDoch obwohl Sonnenbr\u00e4nde leicht vermeidbar sind, steigt die Zahl der<br \/>\nHautkrebsf\u00e4lle seit Jahren an. Darauf weist das Bundesamt f\u00fcr<br \/>\nStrahlenschutz (BfS) in seinem neuen Jahresbericht hin.<br \/>\nBundesumweltministerin Barbara Hendricks warnt deshalb davor, den<br \/>\nSonnenschutz von Kindern zu vernachl\u00e4ssigen. \u201eHautkrebs-Vorsorge f\u00e4ngt<br \/>\nim Kindesalter an\u201c, sagte Hendricks anl\u00e4sslich der Vorstellung des<br \/>\nBfS-Berichts. \u201eEltern tragen daf\u00fcr eine besondere Verantwortung. Gerade<br \/>\nin der Urlaubszeit sollten sie penibel auf den Sonnenschutz ihrer Kinder<br \/>\nachten. Dass die Haut am Ende eines Sonnentags am Meer oder am Badesee<br \/>\nschmerzhaft rot ist, ist schnell passiert \u2013 und damit kann schon der<br \/>\nerste Grundstein f\u00fcr sp\u00e4teren Hautkrebs gelegt sein.\u201c<\/p>\n<p>Schwerpunkt des BfS-Jahresberichts ist der Weg von der Wissenschaft zum<br \/>\nvorbeugenden Gesundheits- und Verbraucherschutz. \u201eDie Frage, wie sich<br \/>\ndie wissenschaftlich-technische Expertise des BfS in einen konkreten<br \/>\nNutzen f\u00fcr die B\u00fcrgerinnen und B\u00fcrger umsetzen l\u00e4sst, hat seit der<br \/>\nGr\u00fcndung des BfS immer st\u00e4rkeres Gewicht bekommen\u201c, sagte<br \/>\nBfS-Pr\u00e4sident Wolfram K\u00f6nig. \u201eDer UV-Schutz ist hierf\u00fcr ein gutes<br \/>\nBeispiel. Das Wissen, dass die UV-Strahlung der Sonne Hautkrebs<br \/>\nverursacht, ist mittlerweile Allgemeingut. Doch daraus folgt nicht<br \/>\nautomatisch auch das entsprechende Handeln. Dabei ist UV-Schutz f\u00fcr<br \/>\nKinder ein absolutes Muss: Sie brauchen Sonnenschutz lange, bevor sie<br \/>\nselbst dar\u00fcber entscheiden k\u00f6nnen. Das Bundesamt f\u00fcr Strahlenschutz<br \/>\nweist deswegen bereits seit Jahren auf die Gesundheitsrisiken von<br \/>\nUV-Strahlung hin und vermittelt praktische M\u00f6glichkeiten des<br \/>\nSonnenschutzes.\u201c<\/p>\n<p><a href=\"https:\/\/www.frankensicht.de\/?attachment_id=4951\" rel=\"attachment wp-att-4951\"><img loading=\"lazy\" decoding=\"async\" class=\"alignnone size-medium wp-image-4951\" src=\"https:\/\/www.frankensicht.de\/wp-content\/uploads\/2013\/01\/krankenhaus-300x187.jpg\" alt=\"krankenhaus\" width=\"300\" height=\"187\" srcset=\"https:\/\/www.frankensicht.de\/wp-content\/uploads\/2013\/01\/krankenhaus-300x187.jpg 300w, https:\/\/www.frankensicht.de\/wp-content\/uploads\/2013\/01\/krankenhaus.jpg 640w\" sizes=\"auto, (max-width: 300px) 100vw, 300px\" \/><\/a><\/p>\n<p>Besondere Angebote macht das Amt denjenigen, die wesentlich zu einem<br \/>\nverantwortungsvollen Umgang mit der Sonne beitragen k\u00f6nnen: Schulen und<br \/>\nKinderg\u00e4rten. Speziell f\u00fcr sie hat das BfS Unterrichtsmaterialen zu<br \/>\nUV-Strahlung, -Wirkung und -Schutz entwickelt \u2013 die nat\u00fcrlich auch von<br \/>\nEltern und Gro\u00dfeltern kostenfrei genutzt werden k\u00f6nnen. In Fortbildungen<br \/>\ndes BfS k\u00f6nnen Lehrer\/innen und Erzieher\/innen weiteres Wissen erwerben.<br \/>\nAuch mit ihrem Infomobil macht die Beh\u00f6rde auf Schulen und Kinderg\u00e4rten<br \/>\nzugeschnittene Angebote. UV-Wissen f\u00fcr Kinder gibt es im Internetangebot<br \/>\ndes Amtes.<\/p>\n<p>\u201eDas Bundesumweltministerium unterst\u00fctzt den Einsatz des BfS f\u00fcr mehr<br \/>\nUV-Schutz. Das BfS stellt sich der Herausforderung, den<br \/>\nwissenschaftlich-beh\u00f6rdlichen Fachjargon hinter sich zu lassen und beim<br \/>\nSonnenschutz eine allgemein verst\u00e4ndliche Sprache zu sprechen\u201c, so<br \/>\nMinisterin Hendricks. \u201eSonne \u2013 aber sicher!\u201c lautet entsprechend das<br \/>\nMotto, unter dem alle Aktivit\u00e4ten des BfS f\u00fcr den UV-Schutz geb\u00fcndelt<br \/>\nsind.<\/p>\n<p>Der Jahresbericht des BfS ist im Internet unter<br \/>\nwww.bfs.de\/de\/bfs\/publikationen\/berichte\/jb\/jb_2013.html abrufbar.<\/p>\n<p>Das BMUB auf Twitter: @bmub<\/p>\n<p>Quelle:bumb,bund.de<\/p>\n","protected":false},"excerpt":{"rendered":"<p>Berlin: Hautkrebs-Vorsorge f\u00e4ngt im Kindesalter an Sonnenbr\u00e4nde im Kindesalter geh\u00f6ren zu den Hauptursachen von Hautkrebs. Doch obwohl Sonnenbr\u00e4nde leicht vermeidbar sind, steigt die Zahl der Hautkrebsf\u00e4lle seit Jahren an. Darauf weist das Bundesamt f\u00fcr Strahlenschutz (BfS) in seinem neuen Jahresbericht hin. Bundesumweltministerin Barbara Hendricks warnt deshalb davor, den Sonnenschutz von Kindern zu vernachl\u00e4ssigen. \u201eHautkrebs-Vorsorge f\u00e4ngt [&hellip;]<\/p>\n","protected":false},"author":7,"featured_media":4951,"comment_status":"closed","ping_status":"open","sticky":false,"template":"","format":"standard","meta":{"footnotes":""},"categories":[44,3],"tags":[1563],"class_list":["post-7456","post","type-post","status-publish","format-standard","has-post-thumbnail","hentry","category-deutschland-2","category-news","tag-sonnenbrand"],"_links":{"self":[{"href":"https:\/\/www.frankensicht.de\/index.php?rest_route=\/wp\/v2\/posts\/7456","targetHints":{"allow":["GET"]}}],"collection":[{"href":"https:\/\/www.frankensicht.de\/index.php?rest_route=\/wp\/v2\/posts"}],"about":[{"href":"https:\/\/www.frankensicht.de\/index.php?rest_route=\/wp\/v2\/types\/post"}],"author":[{"embeddable":true,"href":"https:\/\/www.frankensicht.de\/index.php?rest_route=\/wp\/v2\/users\/7"}],"replies":[{"embeddable":true,"href":"https:\/\/www.frankensicht.de\/index.php?rest_route=%2Fwp%2Fv2%2Fcomments&post=7456"}],"version-history":[{"count":0,"href":"https:\/\/www.frankensicht.de\/index.php?rest_route=\/wp\/v2\/posts\/7456\/revisions"}],"wp:featuredmedia":[{"embeddable":true,"href":"https:\/\/www.frankensicht.de\/index.php?rest_route=\/wp\/v2\/media\/4951"}],"wp:attachment":[{"href":"https:\/\/www.frankensicht.de\/index.php?rest_route=%2Fwp%2Fv2%2Fmedia&parent=7456"}],"wp:term":[{"taxonomy":"category","embeddable":true,"href":"https:\/\/www.frankensicht.de\/index.php?rest_route=%2Fwp%2Fv2%2Fcategories&post=7456"},{"taxonomy":"post_tag","embeddable":true,"href":"https:\/\/www.frankensicht.de\/index.php?rest_route=%2Fwp%2Fv2%2Ftags&post=7456"}],"curies":[{"name":"wp","href":"https:\/\/api.w.org\/{rel}","templated":true}]}}