{"id":7452,"date":"2014-08-10T08:02:59","date_gmt":"2014-08-10T06:02:59","guid":{"rendered":"http:\/\/www.frankensicht.de\/?p=7452"},"modified":"2014-08-10T08:02:59","modified_gmt":"2014-08-10T06:02:59","slug":"mehr-tierschutz-fuer-kaninchen","status":"publish","type":"post","link":"https:\/\/www.frankensicht.de\/?p=7452","title":{"rendered":"Mehr Tierschutz f\u00fcr Kaninchen"},"content":{"rendered":"<p><span style=\"color: #ff0000;\">Berlin:<\/span><\/p>\n<p>Mehr Tierschutz f\u00fcr Kaninchen<br \/>\nNeue Regelungen f\u00fcr die gewerbsm\u00e4\u00dfige Haltung von Kaninchen treten am 11. August in Kraft<\/p>\n<p>Ab dem 11. August 2014 gelten neue Regelungen f\u00fcr die Haltung von Mast- und Zuchtkaninchen. Die neuen Regelungen sehen strenge Anforderungen an die Haltung, Betreuung und Pflege von Kaninchen vor, die zu Erwerbszwecken gehalten werden. Das betrifft beispielsweise die Mindestgr\u00f6\u00dfe, die Bodengestaltung und die Strukturierung der Haltungseinrichtungen. So muss den Tieren eine strukturierte Fl\u00e4che mit unterschiedlichen Funktionsbereichen (Aktivit\u00e4tsbereich, Ruhebereich, R\u00fcckzugsm\u00f6glichkeit) angeboten werden, die f\u00fcr kaninchentypische Verhaltensweisen (z.B. Hoppelspr\u00fcnge, Sich-Aufrichten, ausgestrecktes Liegen in Seitenlage) genutzt werden kann. St\u00e4rker in die Pflicht genommen werden au\u00dferdem die Tierhalter. Die neue<br \/>\nKaninchen-Verordnung gibt unter anderem vor, dass der Halter seine Tiere mindestens zwei Mal pro Tag in Augenschein nehmen muss, um festzustellen, ob sie krank oder verletzt sind. Zudem m\u00fcssen Kaninchenhalter ihre Sachkunde im Umgang mit Kaninchen nachweisen. &#8222;Damit haben wir erstmals \u00fcberhaupt detaillierte Anforderungen und klare Regelungen f\u00fcr die Haltung von Kaninchen zu Erwerbszwecken&#8220;, sagte Bundeslandwirtschaftsminister Christian Schmidt in Berlin. &#8222;Ein weiterer wichtiger Schritt auf dem Weg zu mehr Tierschutz in der Nutztierhaltung&#8220;, so der Minister weiter.<\/p>\n<p><a href=\"https:\/\/www.frankensicht.de\/?attachment_id=1410\" rel=\"attachment wp-att-1410\"><img loading=\"lazy\" decoding=\"async\" class=\"alignnone size-medium wp-image-1410\" src=\"https:\/\/www.frankensicht.de\/wp-content\/uploads\/2012\/05\/paragraf-300x187.jpg\" alt=\"paragraf\" width=\"300\" height=\"187\" srcset=\"https:\/\/www.frankensicht.de\/wp-content\/uploads\/2012\/05\/paragraf-300x187.jpg 300w, https:\/\/www.frankensicht.de\/wp-content\/uploads\/2012\/05\/paragraf.jpg 640w\" sizes=\"auto, (max-width: 300px) 100vw, 300px\" \/><\/a><\/p>\n<p>Bisher galten f\u00fcr die erwerbsm\u00e4\u00dfige Zucht und Haltung von Kaninchen lediglich allgemeine Vorgaben &#8211; spezifisch auf Kaninchen ausgerichtete Vorschriften existierten hingegen nicht. Das hat sich mit der Kaninchen-Verordnung ge\u00e4ndert. Die Vorgaben der Verordnung orientieren sich dabei eng an den Bed\u00fcrfnissen der Tiere und ber\u00fccksichtigen insbesondere das typische Bewegungsmuster, das ausgepr\u00e4gte Sozialverhalten von Kaninchen und auch das Bed\u00fcrfnis zu nagen und zu scharren.<\/p>\n<p>Die Verordnung wurde am 10. Februar 2014 im Bundesgesetzblatt verk\u00fcndet und erg\u00e4nzt die Tierschutz-Nutztierhaltungsverordnung. Sie tritt am 11. August 2014 in Kraft. F\u00fcr die Vorschriften, die besonders investitionstr\u00e4chtige Neu- und Umbauma\u00dfnahmen f\u00fcr bestehende Haltungsanlagen mit sich bringen, sind \u00dcbergangsfristen geregelt.<\/p>\n<p>Quelle: bmel.bund.de<\/p>\n","protected":false},"excerpt":{"rendered":"<p>Berlin: Mehr Tierschutz f\u00fcr Kaninchen Neue Regelungen f\u00fcr die gewerbsm\u00e4\u00dfige Haltung von Kaninchen treten am 11. August in Kraft Ab dem 11. August 2014 gelten neue Regelungen f\u00fcr die Haltung von Mast- und Zuchtkaninchen. Die neuen Regelungen sehen strenge Anforderungen an die Haltung, Betreuung und Pflege von Kaninchen vor, die zu Erwerbszwecken gehalten werden. Das [&hellip;]<\/p>\n","protected":false},"author":7,"featured_media":1410,"comment_status":"closed","ping_status":"open","sticky":false,"template":"","format":"standard","meta":{"footnotes":""},"categories":[44,3],"tags":[1562,453],"class_list":["post-7452","post","type-post","status-publish","format-standard","has-post-thumbnail","hentry","category-deutschland-2","category-news","tag-kaninchen","tag-tierschutz"],"_links":{"self":[{"href":"https:\/\/www.frankensicht.de\/index.php?rest_route=\/wp\/v2\/posts\/7452","targetHints":{"allow":["GET"]}}],"collection":[{"href":"https:\/\/www.frankensicht.de\/index.php?rest_route=\/wp\/v2\/posts"}],"about":[{"href":"https:\/\/www.frankensicht.de\/index.php?rest_route=\/wp\/v2\/types\/post"}],"author":[{"embeddable":true,"href":"https:\/\/www.frankensicht.de\/index.php?rest_route=\/wp\/v2\/users\/7"}],"replies":[{"embeddable":true,"href":"https:\/\/www.frankensicht.de\/index.php?rest_route=%2Fwp%2Fv2%2Fcomments&post=7452"}],"version-history":[{"count":0,"href":"https:\/\/www.frankensicht.de\/index.php?rest_route=\/wp\/v2\/posts\/7452\/revisions"}],"wp:featuredmedia":[{"embeddable":true,"href":"https:\/\/www.frankensicht.de\/index.php?rest_route=\/wp\/v2\/media\/1410"}],"wp:attachment":[{"href":"https:\/\/www.frankensicht.de\/index.php?rest_route=%2Fwp%2Fv2%2Fmedia&parent=7452"}],"wp:term":[{"taxonomy":"category","embeddable":true,"href":"https:\/\/www.frankensicht.de\/index.php?rest_route=%2Fwp%2Fv2%2Fcategories&post=7452"},{"taxonomy":"post_tag","embeddable":true,"href":"https:\/\/www.frankensicht.de\/index.php?rest_route=%2Fwp%2Fv2%2Ftags&post=7452"}],"curies":[{"name":"wp","href":"https:\/\/api.w.org\/{rel}","templated":true}]}}