{"id":7424,"date":"2014-07-31T12:02:46","date_gmt":"2014-07-31T10:02:46","guid":{"rendered":"http:\/\/www.frankensicht.de\/?p=7424"},"modified":"2014-07-31T12:02:46","modified_gmt":"2014-07-31T10:02:46","slug":"bayerischer-arbeitsmarkt-weiterhin-robust","status":"publish","type":"post","link":"https:\/\/www.frankensicht.de\/?p=7424","title":{"rendered":"Bayerischer Arbeitsmarkt weiterhin robust"},"content":{"rendered":"<p><span style=\"color: #ff0000;\">M\u00fcnchen:<\/span><\/p>\n<p>Aigner: \u201eBayerischer Arbeitsmarkt weiterhin robust\u201c<\/p>\n<p>Erfreuliche Arbeitslosenzahlen in Bayern: Trotz weltpolitisch schwieriger Lage lag die Arbeitslosenquote im Freistaat im Juli 2014 bei durchschnittlich 3,6 Prozent. Laut der neuen Arbeitsmarktzahlen der Bundesagentur f\u00fcr Arbeit ist die Arbeitslosenquote im Juli marginal um 0,1 Prozentpunkte gegen\u00fcber dem Vormonat gestiegen. Wirtschaftsministerin Ilse Aigner: &amp;bdquo;Bayern setzt weiterhin Ma\u00dfst\u00e4be auf dem deutschen Arbeitsmarkt. Unsere robusten bayerischen Betriebe begegnen den Belastungen durch weltwirtschaftliche Krisen nach wie vor sehr souver\u00e4n.&amp;ldquo;<\/p>\n<p><a href=\"https:\/\/www.frankensicht.de\/?attachment_id=1457\" rel=\"attachment wp-att-1457\"><img loading=\"lazy\" decoding=\"async\" class=\"alignnone size-full wp-image-1457\" src=\"https:\/\/www.frankensicht.de\/wp-content\/uploads\/2012\/05\/StatPressCN-\u2039-frankensicht.de-\u2014-WordPress_1336737358340.jpeg\" alt=\"StatPressCN \u2039 frankensicht.de \u2014 WordPress_1336737358340\" width=\"235\" height=\"119\" \/><\/a><\/p>\n<p>Die Zahl der sozialversicherungspflichtig Besch\u00e4ftigten liegt im aktuellen Berichtsmonat erstmals in diesem Jahr \u00fcber 5 Millionen. Auch die Zahl der offenen Stellen befindet sich in Bayern nach Angaben der Bundesagentur f\u00fcr Arbeit nach wie vor auf hohem Niveau.<\/p>\n<p>&nbsp;<\/p>\n<p>In den bayerischen Regierungsbezirken lag die Arbeitslosenquote im Juli 2014 zwischen 3,0 Prozent in Niederbayern und 4,6 Prozent in Mittelfranken. Sie befindet sich damit \u00fcberall weit unter dem Bundesdurchschnitt von 6,6 Prozent.<br \/>\nQuelle:stmwi.bayern.de<\/p>\n","protected":false},"excerpt":{"rendered":"<p>M\u00fcnchen: Aigner: \u201eBayerischer Arbeitsmarkt weiterhin robust\u201c Erfreuliche Arbeitslosenzahlen in Bayern: Trotz weltpolitisch schwieriger Lage lag die Arbeitslosenquote im Freistaat im Juli 2014 bei durchschnittlich 3,6 Prozent. Laut der neuen Arbeitsmarktzahlen der Bundesagentur f\u00fcr Arbeit ist die Arbeitslosenquote im Juli marginal um 0,1 Prozentpunkte gegen\u00fcber dem Vormonat gestiegen. Wirtschaftsministerin Ilse Aigner: &amp;bdquo;Bayern setzt weiterhin Ma\u00dfst\u00e4be auf [&hellip;]<\/p>\n","protected":false},"author":7,"featured_media":1457,"comment_status":"closed","ping_status":"open","sticky":false,"template":"","format":"standard","meta":{"footnotes":""},"categories":[78,71],"tags":[1557],"class_list":["post-7424","post","type-post","status-publish","format-standard","has-post-thumbnail","hentry","category-bayern","category-menue","tag-arbeitslosenzahlen-bayern"],"_links":{"self":[{"href":"https:\/\/www.frankensicht.de\/index.php?rest_route=\/wp\/v2\/posts\/7424","targetHints":{"allow":["GET"]}}],"collection":[{"href":"https:\/\/www.frankensicht.de\/index.php?rest_route=\/wp\/v2\/posts"}],"about":[{"href":"https:\/\/www.frankensicht.de\/index.php?rest_route=\/wp\/v2\/types\/post"}],"author":[{"embeddable":true,"href":"https:\/\/www.frankensicht.de\/index.php?rest_route=\/wp\/v2\/users\/7"}],"replies":[{"embeddable":true,"href":"https:\/\/www.frankensicht.de\/index.php?rest_route=%2Fwp%2Fv2%2Fcomments&post=7424"}],"version-history":[{"count":0,"href":"https:\/\/www.frankensicht.de\/index.php?rest_route=\/wp\/v2\/posts\/7424\/revisions"}],"wp:featuredmedia":[{"embeddable":true,"href":"https:\/\/www.frankensicht.de\/index.php?rest_route=\/wp\/v2\/media\/1457"}],"wp:attachment":[{"href":"https:\/\/www.frankensicht.de\/index.php?rest_route=%2Fwp%2Fv2%2Fmedia&parent=7424"}],"wp:term":[{"taxonomy":"category","embeddable":true,"href":"https:\/\/www.frankensicht.de\/index.php?rest_route=%2Fwp%2Fv2%2Fcategories&post=7424"},{"taxonomy":"post_tag","embeddable":true,"href":"https:\/\/www.frankensicht.de\/index.php?rest_route=%2Fwp%2Fv2%2Ftags&post=7424"}],"curies":[{"name":"wp","href":"https:\/\/api.w.org\/{rel}","templated":true}]}}