{"id":7410,"date":"2014-07-27T08:16:31","date_gmt":"2014-07-27T06:16:31","guid":{"rendered":"http:\/\/www.frankensicht.de\/?p=7410"},"modified":"2014-07-27T08:16:31","modified_gmt":"2014-07-27T06:16:31","slug":"kein-weinfest-in-der-gustavstrasse","status":"publish","type":"post","link":"https:\/\/www.frankensicht.de\/?p=7410","title":{"rendered":"Kein Weinfest in der Gustavstra\u00dfe"},"content":{"rendered":"<p><span style=\"color: #ff0000;\">F\u00fcrth:<\/span><\/p>\n<p>Kein Weinfest in der Gustavstra\u00dfe<br \/>\nDas in der ganzen Region beliebte Weinfest in der F\u00fcrther Gustavstra\u00dfe f\u00e4llt dieses Jahr aus. Der Grund ist, dass das Verwaltungsgericht in Ansbach am Donnerstag einer Klage aus L\u00e4rmschutzgr\u00fcnden von drei Anwohnern stattgegeben und die Sperrzeit auf 22 Uhr festgelegt hatte.<\/p>\n<p>Die Wirte-Gemeinschaft der Gustavstra\u00dfe hat daraufhin beschlossen, die Veranstaltung abzusagen, da sie sie in dieser Form f\u00fcr nicht durchf\u00fchrbar h\u00e4lt. Oberb\u00fcrgermeister Thomas Jung zeigte Verst\u00e4ndnis f\u00fcr die Entscheidung der Wirte, da ein Veranstaltungsende bereits um 22 Uhr f\u00fcr ein Fest dieser Art &#8222;v\u00f6llig lebensfremd und abwegig&#8220; sei.<\/p>\n<p><a href=\"https:\/\/www.frankensicht.de\/?attachment_id=2783\" rel=\"attachment wp-att-2783\"><img loading=\"lazy\" decoding=\"async\" class=\"alignnone size-medium wp-image-2783\" src=\"https:\/\/www.frankensicht.de\/wp-content\/uploads\/2012\/06\/wein-225x300.jpg\" alt=\"wein\" width=\"225\" height=\"300\" srcset=\"https:\/\/www.frankensicht.de\/wp-content\/uploads\/2012\/06\/wein-225x300.jpg 225w, https:\/\/www.frankensicht.de\/wp-content\/uploads\/2012\/06\/wein.jpg 480w\" sizes=\"auto, (max-width: 225px) 100vw, 225px\" \/><\/a><\/p>\n<p>Nachdem die Angriffe der wenigen Dauerbeschwerdef\u00fchrer auf den Grafflmarkt und das F\u00fcrth Festival gerade noch erfolgreich abgewehrt werden konnten, treffe diese Entscheidung eine \u2013 gerade auch bei \u00e4lteren G\u00e4sten und Besuchern aus der ganzen Region \u2013 seit nunmehr 19 Jahren sehr beliebte Veranstaltung. Umso dringender wird jetzt nach Auffassung des OB eine \u00fcberf\u00e4llige Initiative der Landtagsmehrheit in M\u00fcnchen f\u00fcr eine langfristige Probleml\u00f6sung: \u201eDer Landesgesetzgeber muss jetzt umgehend t\u00e4tig werden, sonst geht unsere sch\u00f6ne und weit \u00fcber die Grenzen F\u00fcrths hinaus beliebte Kneipenstra\u00dfe mit den wenigen, daf\u00fcr aber sehr gut besuchten Festen kaputt.&#8220; Auch die Existenz der Wirte und ihrer Besch\u00e4ftigten werde immer mehr gef\u00e4hrdet.<\/p>\n<p>Nach den Zusagen des CSU-Ausschuss-Vorsitzenden Otto H\u00fcnnerkopf, der sich am 14. Juli pers\u00f6nlich ein Bild von der Situation gemacht hatte, ist Jung zwar optimistisch, mahnt aber in Richtung M\u00fcnchen deutlich an, dass &#8222;die Zeit eilt.&#8220;<\/p>\n<p>Das beliebte Weinfest in der Gustavstra\u00dfe entf\u00e4llt in diesem Jahr.<\/p>\n<p>Quelle: fuerth.de<\/p>\n","protected":false},"excerpt":{"rendered":"<p>F\u00fcrth: Kein Weinfest in der Gustavstra\u00dfe Das in der ganzen Region beliebte Weinfest in der F\u00fcrther Gustavstra\u00dfe f\u00e4llt dieses Jahr aus. Der Grund ist, dass das Verwaltungsgericht in Ansbach am Donnerstag einer Klage aus L\u00e4rmschutzgr\u00fcnden von drei Anwohnern stattgegeben und die Sperrzeit auf 22 Uhr festgelegt hatte. Die Wirte-Gemeinschaft der Gustavstra\u00dfe hat daraufhin beschlossen, die [&hellip;]<\/p>\n","protected":false},"author":7,"featured_media":2783,"comment_status":"closed","ping_status":"open","sticky":false,"template":"","format":"standard","meta":{"footnotes":""},"categories":[110,71,85],"tags":[1554],"class_list":["post-7410","post","type-post","status-publish","format-standard","has-post-thumbnail","hentry","category-furth-mittelfranken","category-menue","category-mittelfranken","tag-weinfest"],"_links":{"self":[{"href":"https:\/\/www.frankensicht.de\/index.php?rest_route=\/wp\/v2\/posts\/7410","targetHints":{"allow":["GET"]}}],"collection":[{"href":"https:\/\/www.frankensicht.de\/index.php?rest_route=\/wp\/v2\/posts"}],"about":[{"href":"https:\/\/www.frankensicht.de\/index.php?rest_route=\/wp\/v2\/types\/post"}],"author":[{"embeddable":true,"href":"https:\/\/www.frankensicht.de\/index.php?rest_route=\/wp\/v2\/users\/7"}],"replies":[{"embeddable":true,"href":"https:\/\/www.frankensicht.de\/index.php?rest_route=%2Fwp%2Fv2%2Fcomments&post=7410"}],"version-history":[{"count":0,"href":"https:\/\/www.frankensicht.de\/index.php?rest_route=\/wp\/v2\/posts\/7410\/revisions"}],"wp:featuredmedia":[{"embeddable":true,"href":"https:\/\/www.frankensicht.de\/index.php?rest_route=\/wp\/v2\/media\/2783"}],"wp:attachment":[{"href":"https:\/\/www.frankensicht.de\/index.php?rest_route=%2Fwp%2Fv2%2Fmedia&parent=7410"}],"wp:term":[{"taxonomy":"category","embeddable":true,"href":"https:\/\/www.frankensicht.de\/index.php?rest_route=%2Fwp%2Fv2%2Fcategories&post=7410"},{"taxonomy":"post_tag","embeddable":true,"href":"https:\/\/www.frankensicht.de\/index.php?rest_route=%2Fwp%2Fv2%2Ftags&post=7410"}],"curies":[{"name":"wp","href":"https:\/\/api.w.org\/{rel}","templated":true}]}}