{"id":7387,"date":"2014-07-19T07:45:51","date_gmt":"2014-07-19T05:45:51","guid":{"rendered":"http:\/\/www.frankensicht.de\/?p=7387"},"modified":"2014-07-20T08:18:34","modified_gmt":"2014-07-20T06:18:34","slug":"erhebung-der-justizschule-pegnitz-zur-bayerischen-justizakademie","status":"publish","type":"post","link":"https:\/\/www.frankensicht.de\/?p=7387","title":{"rendered":"Erhebung der Justizschule Pegnitz zur Bayerischen Justizakademie"},"content":{"rendered":"<p><span style=\"color: #ff0000;\">Pregnitz:<\/span><\/p>\n<p>Erhebung der Justizschule Pegnitz zur Bayerischen Justizakademie \/ Ministerialdirektor Arloth: &#8222;Erhebung zur Akademie hei\u00dft, den Taten Worte folgen zu lassen!&#8220;<br \/>\nDie Bayerische Justizschule Pegnitz wird in Zukunft den Namen &#8222;Bayerische Justizakademie&#8220; tragen. Bei der heutigen Feierstunde aus diesem Anlass erkl\u00e4rt der Amtschef des Bayerischen Justizministeriums, Prof. Dr. Frank Arloth: &#8222;Wir folgen mit der Erhebung der Justizschule Pegnitz zur Bayerischen Justizakademie keinem Trend. Es geht darum, f\u00fcr unsere Ausbildungsst\u00e4tte eine angemessene Bezeichnung zu w\u00e4hlen, welche die hervorragende und fundierte konzeptionelle Arbeit, die hier geleistet wurde und wird, auch nach au\u00dfen hin widerspiegelt.&#8220;<\/p>\n<p><a href=\"https:\/\/www.frankensicht.de\/?attachment_id=3276\" rel=\"attachment wp-att-3276\"><img loading=\"lazy\" decoding=\"async\" class=\"alignnone size-medium wp-image-3276\" src=\"https:\/\/www.frankensicht.de\/wp-content\/uploads\/2012\/07\/knast-300x225.png\" alt=\"knast\" width=\"300\" height=\"225\" srcset=\"https:\/\/www.frankensicht.de\/wp-content\/uploads\/2012\/07\/knast-300x225.png 300w, https:\/\/www.frankensicht.de\/wp-content\/uploads\/2012\/07\/knast.png 840w\" sizes=\"auto, (max-width: 300px) 100vw, 300px\" \/><\/a><\/p>\n<p>&#8222;In diesem Fall kann man also eine beliebte Redewendung einmal umdrehen&#8220;, so der Ministerialdirektor weiter: &#8222;Die Erhebung zur Akademie hei\u00dft, den Taten Worte folgen zu lassen.&#8220;<\/p>\n<p>&nbsp;<\/p>\n<p>Die Erhebung zur Justizakademie w\u00fcrdige aber nicht nur, was in Pegnitz in den vergangenen Jahren geleistet wurde, so Prof. Dr. Arloth weiter. &#8222;Die Bezeichnung &amp;bdquo;Akademie&#8220; enth\u00e4lt auch eine Verpflichtung, auf diesem Niveau weiterzuarbeiten.&#8220; Eine moderne Justiz lebe von einer hochwertigen und zeitgem\u00e4\u00dfen Aus- und Fortbildung all ihrer Bediensteten. &#8222;Um in unserer komplexen und vernetzten Gesellschaft dieses hohe Qualit\u00e4tsniveau halten zu k\u00f6nnen, d\u00fcrfen wir uns auf dem Erreichten nicht ausruhen, wir d\u00fcrfen nicht stehen bleiben.&#8220;<\/p>\n<p>&nbsp;<\/p>\n<p>Als einen wichtigen Aspekt einer zukunftsorientierten Aus- und Fortbildung nennt der Ministerialdirektor eine st\u00e4rkere Einbindung der EDV in die Aus- und Fortbildung: &#8222;Wir wollen deshalb die Verkn\u00fcpfung von fachlichen und materiellen Schulungsinhalten mit IT-Themen auf allen Qualifikationsebenen deutlich intensivieren.&#8220; Arloth weiter: &#8222;Um die Richter und Staatsanw\u00e4lte noch besser in den hiesigen Fortbildungsbetrieb einzubeziehen und die \u00fcbergreifenden Angebote auszubauen, ist zudem eine Erweiterung der r\u00e4umlichen Kapazit\u00e4ten unabdingbar. Deshalb hoffe ich, dass wir m\u00f6glichst bald in die konkrete Planung f\u00fcr einen weiteren Ausbau von Schulungsr\u00e4umen und Unterbringungsr\u00e4umen eintreten k\u00f6nnen. Dieses Bauprojekt hat f\u00fcr mich eine hohe Priorit\u00e4t!&#8220; Der Zeitplan seiner Realisierbarkeit h\u00e4nge wesentlich am Ausgang der derzeit laufenden Haushaltsverhandlungen, so Arloth. &#8222;Ich w\u00fcrde mich sehr freuen, bald bei einem Spatenstich f\u00fcr eine Erweiterung der Bayerischen Justizakademie dabei zu sein.&#8220;<\/p>\n<p>&nbsp;<\/p>\n<p>Hintergrund: Die Bayerische Justizakademie in Pegnitz ist eine zentrale Aus- und Fortbildungsst\u00e4tte der Bayerischen Justiz. Sie wurde 1976 gegr\u00fcndet und ist organisatorisch dem Oberlandesgericht Bamberg angegliedert. Schwerpunkt der T\u00e4tigkeit ist die fachtheoretische Ausbildung junger Nachwuchskr\u00e4fte u.a. f\u00fcr den Justizwachtmeister-, Justizfachwirte- und Gerichtsvollzieherdienst. Daneben besteht ein breit gef\u00e4chertes Fortbildungsangebot f\u00fcr alle Bediensteten der Bayerischen Justiz. Aktuell lehren und unterrichten in Pegnitz 7 hauptamtliche und mehr als 200 nebenamtliche Lehrkr\u00e4fte.<\/p>\n<p>Quelle: stmj.byern.de<\/p>\n","protected":false},"excerpt":{"rendered":"<p>Pregnitz: Erhebung der Justizschule Pegnitz zur Bayerischen Justizakademie \/ Ministerialdirektor Arloth: &#8222;Erhebung zur Akademie hei\u00dft, den Taten Worte folgen zu lassen!&#8220; Die Bayerische Justizschule Pegnitz wird in Zukunft den Namen &#8222;Bayerische Justizakademie&#8220; tragen. Bei der heutigen Feierstunde aus diesem Anlass erkl\u00e4rt der Amtschef des Bayerischen Justizministeriums, Prof. Dr. Frank Arloth: &#8222;Wir folgen mit der Erhebung [&hellip;]<\/p>\n","protected":false},"author":7,"featured_media":3276,"comment_status":"open","ping_status":"open","sticky":false,"template":"","format":"standard","meta":{"footnotes":""},"categories":[78,71],"tags":[],"class_list":["post-7387","post","type-post","status-publish","format-standard","has-post-thumbnail","hentry","category-bayern","category-menue"],"_links":{"self":[{"href":"https:\/\/www.frankensicht.de\/index.php?rest_route=\/wp\/v2\/posts\/7387","targetHints":{"allow":["GET"]}}],"collection":[{"href":"https:\/\/www.frankensicht.de\/index.php?rest_route=\/wp\/v2\/posts"}],"about":[{"href":"https:\/\/www.frankensicht.de\/index.php?rest_route=\/wp\/v2\/types\/post"}],"author":[{"embeddable":true,"href":"https:\/\/www.frankensicht.de\/index.php?rest_route=\/wp\/v2\/users\/7"}],"replies":[{"embeddable":true,"href":"https:\/\/www.frankensicht.de\/index.php?rest_route=%2Fwp%2Fv2%2Fcomments&post=7387"}],"version-history":[{"count":0,"href":"https:\/\/www.frankensicht.de\/index.php?rest_route=\/wp\/v2\/posts\/7387\/revisions"}],"wp:featuredmedia":[{"embeddable":true,"href":"https:\/\/www.frankensicht.de\/index.php?rest_route=\/wp\/v2\/media\/3276"}],"wp:attachment":[{"href":"https:\/\/www.frankensicht.de\/index.php?rest_route=%2Fwp%2Fv2%2Fmedia&parent=7387"}],"wp:term":[{"taxonomy":"category","embeddable":true,"href":"https:\/\/www.frankensicht.de\/index.php?rest_route=%2Fwp%2Fv2%2Fcategories&post=7387"},{"taxonomy":"post_tag","embeddable":true,"href":"https:\/\/www.frankensicht.de\/index.php?rest_route=%2Fwp%2Fv2%2Ftags&post=7387"}],"curies":[{"name":"wp","href":"https:\/\/api.w.org\/{rel}","templated":true}]}}