{"id":7383,"date":"2014-07-18T10:19:17","date_gmt":"2014-07-18T08:19:17","guid":{"rendered":"http:\/\/www.frankensicht.de\/?p=7383"},"modified":"2014-07-18T10:19:17","modified_gmt":"2014-07-18T08:19:17","slug":"huber-und-herrmann-informieren-ueber-hochwasserschutz-im-katastrophenfall","status":"publish","type":"post","link":"https:\/\/www.frankensicht.de\/?p=7383","title":{"rendered":"Huber und Herrmann informieren \u00fcber Hochwasserschutz im Katastrophenfall"},"content":{"rendered":"<p><span style=\"color: #ff0000;\">M\u00fcnchen:<\/span><\/p>\n<p>Terminhinweis: Praxistest: Huber und Herrmann informieren \u00fcber Hochwasserschutz im Katastrophenfall<\/p>\n<p><a href=\"https:\/\/www.frankensicht.de\/?attachment_id=5014\" rel=\"attachment wp-att-5014\"><img loading=\"lazy\" decoding=\"async\" class=\"alignnone size-medium wp-image-5014\" src=\"https:\/\/www.frankensicht.de\/wp-content\/uploads\/2013\/01\/trinkwasser-300x225.jpg\" alt=\"trinkwasser\" width=\"300\" height=\"225\" srcset=\"https:\/\/www.frankensicht.de\/wp-content\/uploads\/2013\/01\/trinkwasser-300x225.jpg 300w, https:\/\/www.frankensicht.de\/wp-content\/uploads\/2013\/01\/trinkwasser-1024x768.jpg 1024w, https:\/\/www.frankensicht.de\/wp-content\/uploads\/2013\/01\/trinkwasser.jpg 1280w\" sizes=\"auto, (max-width: 300px) 100vw, 300px\" \/><\/a><\/p>\n<p>In insgesamt 21 Landkreisen und kreisfreien St\u00e4dten in Bayern wurde w\u00e4hrend des Juni-Hochwassers 2013 der Katastrophenfall festgestellt &amp;ndash; darunter auch in den Landkreisen Erding und Freising. Die Wasserwirtschaft und die Katastrophenschutzbeh\u00f6rden vor Ort haben dabei Hand in Hand gearbeitet und so weitere Sch\u00e4den f\u00fcr Mensch und Umwelt verhindert. Die gemeinsame Zusammenarbeit im Katastrophenfall soll im Rahmen einer landkreis\u00fcbergreifenden Hochwasserschutz\u00fcbung weiter intensiviert werden.<\/p>\n<p>&nbsp;<\/p>\n<p>Der Bayerische Umweltminister Dr. Marcel Huber und der Bayerische Innenminister Joachim Herrmann nehmen an der landkreis\u00fcbergreifenden Hochwasserschutz\u00fcbung teil und informieren \u00fcber die Zusammenarbeit im Katastrophenfall am<\/p>\n<p>&nbsp;<\/p>\n<p>Dienstag, 22. Juli 2014, 15:00 Uhr,<\/p>\n<p>Landratsamt Erding,<\/p>\n<p>Alois-Schie\u00dfl-Platz 2, 85435 Erding.<\/p>\n<p>&nbsp;<\/p>\n<p>Nach kurzer Lagebesprechung und Zeit f\u00fcr Pressefragen findet anschlie\u00dfend ab 15:45 Uhr eine \u00dcbung der Freiwilligen Feuerwehren der Stadt Erding zur Deichverteidigung an der Sempt statt, an der auch beide Minister teilnehmen werden. Die \u00dcbungsstelle befindet sich an der Landgerichtsstra\u00dfe in Altenerding.<\/p>\n<p>Quelle: stmuv.bayern.de<\/p>\n","protected":false},"excerpt":{"rendered":"<p>M\u00fcnchen: Terminhinweis: Praxistest: Huber und Herrmann informieren \u00fcber Hochwasserschutz im Katastrophenfall In insgesamt 21 Landkreisen und kreisfreien St\u00e4dten in Bayern wurde w\u00e4hrend des Juni-Hochwassers 2013 der Katastrophenfall festgestellt &amp;ndash; darunter auch in den Landkreisen Erding und Freising. Die Wasserwirtschaft und die Katastrophenschutzbeh\u00f6rden vor Ort haben dabei Hand in Hand gearbeitet und so weitere Sch\u00e4den f\u00fcr [&hellip;]<\/p>\n","protected":false},"author":7,"featured_media":5014,"comment_status":"closed","ping_status":"open","sticky":false,"template":"","format":"standard","meta":{"footnotes":""},"categories":[78,71],"tags":[316],"class_list":["post-7383","post","type-post","status-publish","format-standard","has-post-thumbnail","hentry","category-bayern","category-menue","tag-hochwasserschutz"],"_links":{"self":[{"href":"https:\/\/www.frankensicht.de\/index.php?rest_route=\/wp\/v2\/posts\/7383","targetHints":{"allow":["GET"]}}],"collection":[{"href":"https:\/\/www.frankensicht.de\/index.php?rest_route=\/wp\/v2\/posts"}],"about":[{"href":"https:\/\/www.frankensicht.de\/index.php?rest_route=\/wp\/v2\/types\/post"}],"author":[{"embeddable":true,"href":"https:\/\/www.frankensicht.de\/index.php?rest_route=\/wp\/v2\/users\/7"}],"replies":[{"embeddable":true,"href":"https:\/\/www.frankensicht.de\/index.php?rest_route=%2Fwp%2Fv2%2Fcomments&post=7383"}],"version-history":[{"count":0,"href":"https:\/\/www.frankensicht.de\/index.php?rest_route=\/wp\/v2\/posts\/7383\/revisions"}],"wp:featuredmedia":[{"embeddable":true,"href":"https:\/\/www.frankensicht.de\/index.php?rest_route=\/wp\/v2\/media\/5014"}],"wp:attachment":[{"href":"https:\/\/www.frankensicht.de\/index.php?rest_route=%2Fwp%2Fv2%2Fmedia&parent=7383"}],"wp:term":[{"taxonomy":"category","embeddable":true,"href":"https:\/\/www.frankensicht.de\/index.php?rest_route=%2Fwp%2Fv2%2Fcategories&post=7383"},{"taxonomy":"post_tag","embeddable":true,"href":"https:\/\/www.frankensicht.de\/index.php?rest_route=%2Fwp%2Fv2%2Ftags&post=7383"}],"curies":[{"name":"wp","href":"https:\/\/api.w.org\/{rel}","templated":true}]}}