{"id":7296,"date":"2014-06-26T08:54:24","date_gmt":"2014-06-26T06:54:24","guid":{"rendered":"http:\/\/www.frankensicht.de\/?p=7296"},"modified":"2014-06-26T08:54:24","modified_gmt":"2014-06-26T06:54:24","slug":"kein-nachdruck-von-mein-kampf","status":"publish","type":"post","link":"https:\/\/www.frankensicht.de\/?p=7296","title":{"rendered":"Kein Nachdruck von &#8222;Mein Kampf&#8220;"},"content":{"rendered":"<p><span style=\"color: #ff0000;\">M\u00fcnchen:<\/span><\/p>\n<p>Bayerns Justizminister Bausback setzt sich auf der Justizministerkonferenz f\u00fcr ein bundesweites, konsequentes Vorgehen gegen den Nachdruck von Hitlers &#8222;Mein Kampf&#8220; ein: &#8222;Das sind wir den Opfern des Holocausts und ihren Angeh\u00f6rigen schuldig!&#8220;<br \/>\nBayerns Justizminister Prof. Dr. Winfried Bausback setzt sich auf der Justizministerkonferenz f\u00fcr ein bundesweites, konsequentes Vorgehen gegen den &#8211; insbesondere unver\u00e4nderten &#8211; Nachdruck von Hitlers &#8222;Mein Kampf&#8220; auch nach dem Ablaufen der urheberrechtlichen Schutzfrist am 31. Dezember 2015 ein: &#8222;Wir sind es den Opfern des Holocausts und ihren Angeh\u00f6rigen schuldig, alles uns M\u00f6gliche zu tun, um eine Vervielf\u00e4ltigung und Verbreitung dieser ideologischen Hetzschrift zu verhindern. In Deutschland ist kein Platz f\u00fcr Antisemitismus, Rechtsextremismus und Fremdenfeindlichkeit. Wir m\u00fcssen deshalb mit allen zur Verf\u00fcgung stehenden Mitteln des Strafrechts gegen jeden strafrechtlich relevanten Nachdruck der Schandschrift &amp;bdquo;Mein Kampf&amp;ldquo; vorgehen.&#8220;<\/p>\n<p><a href=\"https:\/\/www.frankensicht.de\/?attachment_id=3404\" rel=\"attachment wp-att-3404\"><img loading=\"lazy\" decoding=\"async\" class=\"alignnone size-medium wp-image-3404\" src=\"https:\/\/www.frankensicht.de\/wp-content\/uploads\/2012\/07\/buch1-300x225.jpg\" alt=\"buch1\" width=\"300\" height=\"225\" srcset=\"https:\/\/www.frankensicht.de\/wp-content\/uploads\/2012\/07\/buch1-300x225.jpg 300w, https:\/\/www.frankensicht.de\/wp-content\/uploads\/2012\/07\/buch1.jpg 640w\" sizes=\"auto, (max-width: 300px) 100vw, 300px\" \/><\/a><\/p>\n<p>Dem Freistaat Bayern steht derzeit das Urheberrecht an &#8222;Mein Kampf&#8220; zu. Das Urheberrecht erlischt 70 Jahre nach Hitlers Todesjahr, also mit Ablauf des Jahres 2015. Allein mit den Mitteln des Urheberrechts ist es dem Freistaat Bayern daher ab diesem Zeitpunkt nicht mehr m\u00f6glich, gegen den Nachdruck von &#8222;Mein Kampf&#8220; vorzugehen.<\/p>\n<p>&nbsp;<\/p>\n<p>Bausback: &#8222;Mit den Mitteln des Strafrechts, insbesondere auf der Grundlage des Straftatbestandes der Volksverhetzung, k\u00f6nnen unsere Strafverfolgungsbeh\u00f6rden aber weiterhin in weitem Umfang gegen den Nachdruck dieser Schandschrift einschreiten.&#8220;<br \/>\nQuelle:stmj.bayern.de<\/p>\n","protected":false},"excerpt":{"rendered":"<p>M\u00fcnchen: Bayerns Justizminister Bausback setzt sich auf der Justizministerkonferenz f\u00fcr ein bundesweites, konsequentes Vorgehen gegen den Nachdruck von Hitlers &#8222;Mein Kampf&#8220; ein: &#8222;Das sind wir den Opfern des Holocausts und ihren Angeh\u00f6rigen schuldig!&#8220; Bayerns Justizminister Prof. Dr. Winfried Bausback setzt sich auf der Justizministerkonferenz f\u00fcr ein bundesweites, konsequentes Vorgehen gegen den &#8211; insbesondere unver\u00e4nderten &#8211; [&hellip;]<\/p>\n","protected":false},"author":7,"featured_media":3802,"comment_status":"closed","ping_status":"open","sticky":false,"template":"","format":"standard","meta":{"footnotes":""},"categories":[78,71],"tags":[1535],"class_list":["post-7296","post","type-post","status-publish","format-standard","has-post-thumbnail","hentry","category-bayern","category-menue","tag-mein-kampf"],"_links":{"self":[{"href":"https:\/\/www.frankensicht.de\/index.php?rest_route=\/wp\/v2\/posts\/7296","targetHints":{"allow":["GET"]}}],"collection":[{"href":"https:\/\/www.frankensicht.de\/index.php?rest_route=\/wp\/v2\/posts"}],"about":[{"href":"https:\/\/www.frankensicht.de\/index.php?rest_route=\/wp\/v2\/types\/post"}],"author":[{"embeddable":true,"href":"https:\/\/www.frankensicht.de\/index.php?rest_route=\/wp\/v2\/users\/7"}],"replies":[{"embeddable":true,"href":"https:\/\/www.frankensicht.de\/index.php?rest_route=%2Fwp%2Fv2%2Fcomments&post=7296"}],"version-history":[{"count":0,"href":"https:\/\/www.frankensicht.de\/index.php?rest_route=\/wp\/v2\/posts\/7296\/revisions"}],"wp:featuredmedia":[{"embeddable":true,"href":"https:\/\/www.frankensicht.de\/index.php?rest_route=\/wp\/v2\/media\/3802"}],"wp:attachment":[{"href":"https:\/\/www.frankensicht.de\/index.php?rest_route=%2Fwp%2Fv2%2Fmedia&parent=7296"}],"wp:term":[{"taxonomy":"category","embeddable":true,"href":"https:\/\/www.frankensicht.de\/index.php?rest_route=%2Fwp%2Fv2%2Fcategories&post=7296"},{"taxonomy":"post_tag","embeddable":true,"href":"https:\/\/www.frankensicht.de\/index.php?rest_route=%2Fwp%2Fv2%2Ftags&post=7296"}],"curies":[{"name":"wp","href":"https:\/\/api.w.org\/{rel}","templated":true}]}}