{"id":7283,"date":"2014-06-23T10:46:40","date_gmt":"2014-06-23T08:46:40","guid":{"rendered":"http:\/\/www.frankensicht.de\/?p=7283"},"modified":"2014-06-24T08:52:32","modified_gmt":"2014-06-24T06:52:32","slug":"bayerns-justizminister-fordert-auf-der-justizministerkonferenz-ein-ende-der-benachteiligung-von-gefangenen-in-der-arbeitslosenversicherung","status":"publish","type":"post","link":"https:\/\/www.frankensicht.de\/?p=7283","title":{"rendered":"Bayerns Justizminister fordert auf der Justizministerkonferenz ein Ende der Benachteiligung von Gefangenen in der Arbeitslosenversicherung"},"content":{"rendered":"<p><span style=\"color: #ff0000;\">M\u00fcnchen:<\/span><\/p>\n<p>Bayerns Justizminister fordert auf der Justizministerkonferenz ein Ende der Benachteiligung von Gefangenen in der Arbeitslosenversicherung \/ Bausback: &#8222;Ungleichbehandlung beenden und Bundesagentur durch eine klare gesetzliche Vorgabe dazu bewegen, zur bisherigen Handhabung zur\u00fcck zu kehren!&#8220;<br \/>\nBayerns Justizminister Prof. Dr. Winfried Bausback macht sich auf der Justizministerkonferenz am 25.\/26. Juni 2014 in Binz f\u00fcr Verbesserungen bei der Berechnung von Versicherungszeiten der Strafgefangenen in der Arbeitslosenversicherung stark. Bausback: &#8222;Gefangene, die in der Haft arbeiten, sind seit 1977 in die Arbeitslosenversicherung einbezogen. Nach \u00fcber drei Jahrzehnten hat die Bundesagentur f\u00fcr Arbeit ihre Praxis bei der Berechnung der Versicherungszeiten ge\u00e4ndert. W\u00e4hrend bei nicht inhaftierten Arbeitnehmern auch weiterhin arbeitsfreie Samstage, Sonntage und Feiertage als Anwartschaftszeit z\u00e4hlen, soll dies bei Gefangenen pl\u00f6tzlich nicht mehr so sein.&#8220;<\/p>\n<p><a href=\"https:\/\/www.frankensicht.de\/?attachment_id=3276\" rel=\"attachment wp-att-3276\"><img loading=\"lazy\" decoding=\"async\" class=\"alignnone size-medium wp-image-3276\" src=\"https:\/\/www.frankensicht.de\/wp-content\/uploads\/2012\/07\/knast-300x225.png\" alt=\"knast\" width=\"300\" height=\"225\" srcset=\"https:\/\/www.frankensicht.de\/wp-content\/uploads\/2012\/07\/knast-300x225.png 300w, https:\/\/www.frankensicht.de\/wp-content\/uploads\/2012\/07\/knast.png 840w\" sizes=\"auto, (max-width: 300px) 100vw, 300px\" \/><\/a><\/p>\n<p>&#8222;Das hat zur Folge, dass ein Gefangener 365 Tage durcharbeiten muss, um binnen eines Jahres dieselbe Anwartschaftszeit zu erf\u00fcllen wie ein Besch\u00e4ftigter in Freiheit&#8220;, so Bayerns Justizminister. Bausback weiter. &#8222;Das ist eine mit H\u00e4nden zu greifende Ungleichbehandlung von Gefangenen, die nur deren Resozialisierung erschwert und zu Mehrbelastungen der Sozialhilfetr\u00e4ger f\u00fchrt. Wir m\u00fcssen die Bundesagentur durch eine klare gesetzliche Vorgabe dazu bewegen, wieder zur bisherigen Handhabung zur\u00fcck zu kehren!&#8220;<\/p>\n<p>&nbsp;<\/p>\n<p>Bausback: &#8222;Gelungene Resozialisierung ist der beste Opferschutz. Die sollten wir nicht durch eine Benachteiligung arbeitender Gefangener bei der Berechnung ihrer Versicherungszeiten in der Arbeitslosenversicherung erschweren &#8211; im Interesse der Gefangenen und der Allgemeinheit!&#8220;<br \/>\nQuelle:stmj.bayern.de<\/p>\n","protected":false},"excerpt":{"rendered":"<p>M\u00fcnchen: Bayerns Justizminister fordert auf der Justizministerkonferenz ein Ende der Benachteiligung von Gefangenen in der Arbeitslosenversicherung \/ Bausback: &#8222;Ungleichbehandlung beenden und Bundesagentur durch eine klare gesetzliche Vorgabe dazu bewegen, zur bisherigen Handhabung zur\u00fcck zu kehren!&#8220; Bayerns Justizminister Prof. Dr. Winfried Bausback macht sich auf der Justizministerkonferenz am 25.\/26. Juni 2014 in Binz f\u00fcr Verbesserungen bei [&hellip;]<\/p>\n","protected":false},"author":7,"featured_media":3276,"comment_status":"closed","ping_status":"open","sticky":false,"template":"","format":"standard","meta":{"footnotes":""},"categories":[78,71],"tags":[1260],"class_list":["post-7283","post","type-post","status-publish","format-standard","has-post-thumbnail","hentry","category-bayern","category-menue","tag-strafgefangene"],"_links":{"self":[{"href":"https:\/\/www.frankensicht.de\/index.php?rest_route=\/wp\/v2\/posts\/7283","targetHints":{"allow":["GET"]}}],"collection":[{"href":"https:\/\/www.frankensicht.de\/index.php?rest_route=\/wp\/v2\/posts"}],"about":[{"href":"https:\/\/www.frankensicht.de\/index.php?rest_route=\/wp\/v2\/types\/post"}],"author":[{"embeddable":true,"href":"https:\/\/www.frankensicht.de\/index.php?rest_route=\/wp\/v2\/users\/7"}],"replies":[{"embeddable":true,"href":"https:\/\/www.frankensicht.de\/index.php?rest_route=%2Fwp%2Fv2%2Fcomments&post=7283"}],"version-history":[{"count":0,"href":"https:\/\/www.frankensicht.de\/index.php?rest_route=\/wp\/v2\/posts\/7283\/revisions"}],"wp:featuredmedia":[{"embeddable":true,"href":"https:\/\/www.frankensicht.de\/index.php?rest_route=\/wp\/v2\/media\/3276"}],"wp:attachment":[{"href":"https:\/\/www.frankensicht.de\/index.php?rest_route=%2Fwp%2Fv2%2Fmedia&parent=7283"}],"wp:term":[{"taxonomy":"category","embeddable":true,"href":"https:\/\/www.frankensicht.de\/index.php?rest_route=%2Fwp%2Fv2%2Fcategories&post=7283"},{"taxonomy":"post_tag","embeddable":true,"href":"https:\/\/www.frankensicht.de\/index.php?rest_route=%2Fwp%2Fv2%2Ftags&post=7283"}],"curies":[{"name":"wp","href":"https:\/\/api.w.org\/{rel}","templated":true}]}}