{"id":7276,"date":"2014-06-22T08:24:36","date_gmt":"2014-06-22T06:24:36","guid":{"rendered":"http:\/\/www.frankensicht.de\/?p=7276"},"modified":"2014-06-22T08:24:36","modified_gmt":"2014-06-22T06:24:36","slug":"welches-motiv-soll-das-diesjaehrige-kirchweihplakat-zieren","status":"publish","type":"post","link":"https:\/\/www.frankensicht.de\/?p=7276","title":{"rendered":"Welches Motiv soll das diesj\u00e4hrige Kirchweihplakat zieren?"},"content":{"rendered":"<p><span style=\"color: #ff0000;\">F\u00fcrth:<\/span><\/p>\n<p>Nachrichten aus der Stadt F\u00fcrth<\/p>\n<p>Welches Motiv soll das diesj\u00e4hrige Kirchweihplakat zieren?<\/p>\n<p>Nach der erfolgreichen Premiere im vergangenen Jahr kann auch in diesem Jahr wieder abgestimmt werden, welches Motiv das Plakat f\u00fcr die Michaelis-Kirchweih zieren soll.<\/p>\n<p>Unter den zahlreichen kreativen Einsendungen hat eine Fachjury die drei am besten geeigneten Vorschl\u00e4ge ausgew\u00e4hlt.<\/p>\n<p>Die Umfrage l\u00e4uft bis 18. Juli. Das Motiv mit den meisten Mausklicks wird das \u201eGesicht\u201c der K\u00e4rwa und schafft es auf das Titelblatt der Programmhefte mit einer Auflage von rund 65 000 St\u00fcck sowie auf die insgesamt rund 1200 Plakate, die in der ganzen Region verteilt werden.<\/p>\n<p>Zur Abstimmung: Home\/Leben-in-Fuerth\/Kirchweih\/Kirchweihplakat.aspx<\/p>\n<p>Quelle:fuerth.de<\/p>\n<p><a href=\"https:\/\/www.frankensicht.de\/?attachment_id=6653\" rel=\"attachment wp-att-6653\"><img loading=\"lazy\" decoding=\"async\" class=\"alignnone size-medium wp-image-6653\" src=\"https:\/\/www.frankensicht.de\/wp-content\/uploads\/2014\/01\/Fuerth-300x231.jpg\" alt=\"Fuerth\" width=\"300\" height=\"231\" srcset=\"https:\/\/www.frankensicht.de\/wp-content\/uploads\/2014\/01\/Fuerth-300x231.jpg 300w, https:\/\/www.frankensicht.de\/wp-content\/uploads\/2014\/01\/Fuerth.jpg 930w\" sizes=\"auto, (max-width: 300px) 100vw, 300px\" \/><\/a><\/p>\n<p>&nbsp;<\/p>\n","protected":false},"excerpt":{"rendered":"<p>F\u00fcrth: Nachrichten aus der Stadt F\u00fcrth Welches Motiv soll das diesj\u00e4hrige Kirchweihplakat zieren? Nach der erfolgreichen Premiere im vergangenen Jahr kann auch in diesem Jahr wieder abgestimmt werden, welches Motiv das Plakat f\u00fcr die Michaelis-Kirchweih zieren soll. Unter den zahlreichen kreativen Einsendungen hat eine Fachjury die drei am besten geeigneten Vorschl\u00e4ge ausgew\u00e4hlt. Die Umfrage l\u00e4uft [&hellip;]<\/p>\n","protected":false},"author":7,"featured_media":6653,"comment_status":"closed","ping_status":"open","sticky":false,"template":"","format":"standard","meta":{"footnotes":""},"categories":[110,71,85],"tags":[618],"class_list":["post-7276","post","type-post","status-publish","format-standard","has-post-thumbnail","hentry","category-furth-mittelfranken","category-menue","category-mittelfranken","tag-kirchweih"],"_links":{"self":[{"href":"https:\/\/www.frankensicht.de\/index.php?rest_route=\/wp\/v2\/posts\/7276","targetHints":{"allow":["GET"]}}],"collection":[{"href":"https:\/\/www.frankensicht.de\/index.php?rest_route=\/wp\/v2\/posts"}],"about":[{"href":"https:\/\/www.frankensicht.de\/index.php?rest_route=\/wp\/v2\/types\/post"}],"author":[{"embeddable":true,"href":"https:\/\/www.frankensicht.de\/index.php?rest_route=\/wp\/v2\/users\/7"}],"replies":[{"embeddable":true,"href":"https:\/\/www.frankensicht.de\/index.php?rest_route=%2Fwp%2Fv2%2Fcomments&post=7276"}],"version-history":[{"count":0,"href":"https:\/\/www.frankensicht.de\/index.php?rest_route=\/wp\/v2\/posts\/7276\/revisions"}],"wp:featuredmedia":[{"embeddable":true,"href":"https:\/\/www.frankensicht.de\/index.php?rest_route=\/wp\/v2\/media\/6653"}],"wp:attachment":[{"href":"https:\/\/www.frankensicht.de\/index.php?rest_route=%2Fwp%2Fv2%2Fmedia&parent=7276"}],"wp:term":[{"taxonomy":"category","embeddable":true,"href":"https:\/\/www.frankensicht.de\/index.php?rest_route=%2Fwp%2Fv2%2Fcategories&post=7276"},{"taxonomy":"post_tag","embeddable":true,"href":"https:\/\/www.frankensicht.de\/index.php?rest_route=%2Fwp%2Fv2%2Ftags&post=7276"}],"curies":[{"name":"wp","href":"https:\/\/api.w.org\/{rel}","templated":true}]}}