{"id":7241,"date":"2014-06-11T11:28:30","date_gmt":"2014-06-11T09:28:30","guid":{"rendered":"http:\/\/www.frankensicht.de\/?p=7241"},"modified":"2014-06-11T11:28:30","modified_gmt":"2014-06-11T09:28:30","slug":"menschen-in-deutschland-nutzen-kleingaerten-zur-erzeugung-von-heimischem-obst-und-gemuese-zur-freizeitgestaltung-oder-als-erholungsort","status":"publish","type":"post","link":"https:\/\/www.frankensicht.de\/?p=7241","title":{"rendered":"Menschen in Deutschland nutzen Kleing\u00e4rten zur Erzeugung von heimischem Obst und Gem\u00fcse, zur Freizeitgestaltung oder als Erholungsort."},"content":{"rendered":"<p>ie Zahl der Woche<br \/>\nJede Woche pr\u00e4sentiert das BMEL interessante Zahlen zu den Themen Ern\u00e4hrung und Landwirtschaft.<br \/>\n5 Millionen<br \/>\nMenschen in Deutschland nutzen Kleing\u00e4rten zur Erzeugung von heimischem Obst und Gem\u00fcse, zur Freizeitgestaltung oder als Erholungsort. Insgesamt gibt es rund eine Million freizeitlich genutzte G\u00e4rten in Deutschland. Damit hat die Zahl in den vergangenen Jahren weiter zugenommen. Bundesweit gehen Kleingartenfreunde auf 46.000 Hektar ihrem Hobby nach. Dabei gilt Berlin als deutsche Schrebergarten-Hauptstadt: \u00dcber 73.000 privat nutzbare G\u00e4rten gibt es in den 925 Gartenanlagen der Metropole.<\/p>\n<p><a href=\"https:\/\/www.frankensicht.de\/?attachment_id=1057\" rel=\"attachment wp-att-1057\"><img loading=\"lazy\" decoding=\"async\" class=\"alignnone size-medium wp-image-1057\" src=\"https:\/\/www.frankensicht.de\/wp-content\/uploads\/2012\/04\/apfel-300x225.jpg\" alt=\"apfel\" width=\"300\" height=\"225\" srcset=\"https:\/\/www.frankensicht.de\/wp-content\/uploads\/2012\/04\/apfel-300x225.jpg 300w, https:\/\/www.frankensicht.de\/wp-content\/uploads\/2012\/04\/apfel.jpg 640w\" sizes=\"auto, (max-width: 300px) 100vw, 300px\" \/><\/a><\/p>\n<p>Kleing\u00e4rten haben in Deutschland eine jahrhundertealte Tradition. Neben der Erholung, die sie gerade in urbanen Gebieten erm\u00f6glichen, sind sie auch ein wichtiger Faktor f\u00fcr die Erhaltung und F\u00f6rderung der Biodiversit\u00e4t. Die rechtlichen Rahmenbedingungen regelt seit 1983 das Bundeskleingartengesetz. Danach k\u00f6nnen Kleing\u00e4rten zu g\u00e4rtnerischem Anbau f\u00fcr den Eigenbedarf und zur Erholung genutzt werden. Ein einzelner Kleingarten soll zudem nicht gr\u00f6\u00dfer sein als 400 Quadratmeter.<\/p>\n<p>Quellen:<br \/>\nBMEL, Bundesverband deutscher Gartenfreunde e. V.,<br \/>\nSenatsverwaltung f\u00fcr Stadtentwicklung und Umwelt Berlin<\/p>\n<p>Quelle: bmel.bund.de<\/p>\n","protected":false},"excerpt":{"rendered":"<p>ie Zahl der Woche Jede Woche pr\u00e4sentiert das BMEL interessante Zahlen zu den Themen Ern\u00e4hrung und Landwirtschaft. 5 Millionen Menschen in Deutschland nutzen Kleing\u00e4rten zur Erzeugung von heimischem Obst und Gem\u00fcse, zur Freizeitgestaltung oder als Erholungsort. Insgesamt gibt es rund eine Million freizeitlich genutzte G\u00e4rten in Deutschland. Damit hat die Zahl in den vergangenen Jahren [&hellip;]<\/p>\n","protected":false},"author":7,"featured_media":1057,"comment_status":"closed","ping_status":"open","sticky":false,"template":"","format":"standard","meta":{"footnotes":""},"categories":[44,3],"tags":[1523],"class_list":["post-7241","post","type-post","status-publish","format-standard","has-post-thumbnail","hentry","category-deutschland-2","category-news","tag-kleingarten"],"_links":{"self":[{"href":"https:\/\/www.frankensicht.de\/index.php?rest_route=\/wp\/v2\/posts\/7241","targetHints":{"allow":["GET"]}}],"collection":[{"href":"https:\/\/www.frankensicht.de\/index.php?rest_route=\/wp\/v2\/posts"}],"about":[{"href":"https:\/\/www.frankensicht.de\/index.php?rest_route=\/wp\/v2\/types\/post"}],"author":[{"embeddable":true,"href":"https:\/\/www.frankensicht.de\/index.php?rest_route=\/wp\/v2\/users\/7"}],"replies":[{"embeddable":true,"href":"https:\/\/www.frankensicht.de\/index.php?rest_route=%2Fwp%2Fv2%2Fcomments&post=7241"}],"version-history":[{"count":0,"href":"https:\/\/www.frankensicht.de\/index.php?rest_route=\/wp\/v2\/posts\/7241\/revisions"}],"wp:featuredmedia":[{"embeddable":true,"href":"https:\/\/www.frankensicht.de\/index.php?rest_route=\/wp\/v2\/media\/1057"}],"wp:attachment":[{"href":"https:\/\/www.frankensicht.de\/index.php?rest_route=%2Fwp%2Fv2%2Fmedia&parent=7241"}],"wp:term":[{"taxonomy":"category","embeddable":true,"href":"https:\/\/www.frankensicht.de\/index.php?rest_route=%2Fwp%2Fv2%2Fcategories&post=7241"},{"taxonomy":"post_tag","embeddable":true,"href":"https:\/\/www.frankensicht.de\/index.php?rest_route=%2Fwp%2Fv2%2Ftags&post=7241"}],"curies":[{"name":"wp","href":"https:\/\/api.w.org\/{rel}","templated":true}]}}