{"id":7237,"date":"2014-06-10T12:39:35","date_gmt":"2014-06-10T10:39:35","guid":{"rendered":"http:\/\/www.frankensicht.de\/?p=7237"},"modified":"2014-06-10T12:40:24","modified_gmt":"2014-06-10T10:40:24","slug":"internationales-bundesumweltministerium-foerdert-schutz-von-tropenwaeldern-indigener-gemeinschaften-in-peru","status":"publish","type":"post","link":"https:\/\/www.frankensicht.de\/?p=7237","title":{"rendered":"Internationales Bundesumweltministerium f\u00f6rdert Schutz von Tropenw\u00e4ldern indigener Gemeinschaften in Peru"},"content":{"rendered":"<p><span style=\"color: #ff0000;\">Berlin:<\/span><\/p>\n<p>Biologische Vielfalt \/ Internationales<br \/>\nBundesumweltministerium f\u00f6rdert Schutz von<br \/>\nTropenw\u00e4ldern indigener Gemeinschaften in Peru<\/p>\n<p>Peru und Deutschland arbeiten seit vielen Jahren in den Bereichen<br \/>\nKlimaschutz, Anpassung an die Folgen des Klimawandels sowie Erhaltung der<br \/>\nbiologischen Vielfalt eng zusammen. Das Bundesumweltministerium f\u00f6rdert<br \/>\njetzt ein neues Projekt zum Schutz der Tropenw\u00e4lder in der peruanischen<br \/>\nAmazonasregion mit knapp 5 Mio. Euro.<\/p>\n<p><a href=\"https:\/\/www.frankensicht.de\/?attachment_id=6049\" rel=\"attachment wp-att-6049\"><img loading=\"lazy\" decoding=\"async\" class=\"alignnone size-medium wp-image-6049\" src=\"https:\/\/www.frankensicht.de\/wp-content\/uploads\/2013\/08\/blume1-300x200.jpg\" alt=\"blume1\" width=\"300\" height=\"200\" srcset=\"https:\/\/www.frankensicht.de\/wp-content\/uploads\/2013\/08\/blume1-300x200.jpg 300w, https:\/\/www.frankensicht.de\/wp-content\/uploads\/2013\/08\/blume1-220x146.jpg 220w, https:\/\/www.frankensicht.de\/wp-content\/uploads\/2013\/08\/blume1.jpg 600w\" sizes=\"auto, (max-width: 300px) 100vw, 300px\" \/><\/a><\/p>\n<p>Peru hat den weltweit viertgr\u00f6\u00dften Bestand an tropischem Regenwald. Damit<br \/>\nist das Land ein wichtiger Akteur f\u00fcr die Erhaltung der Biodiversit\u00e4t<br \/>\nund den globalen Klimaschutz. Rund 15 % des peruanischen Tropenwaldes<br \/>\nbefindet sich im Besitz indigener Gemeinschaften, die \u00fcberwiegend<br \/>\nSubsistenzwirtschaft betreiben. Die Mehrzahl dieser Gemeinschaften lebt<br \/>\nunterhalb der Armutsgrenze. J\u00e4hrlich nimmt die Abholzungsrate in diesen<br \/>\nRegenw\u00e4ldern zu und bedroht dadurch eine Vielzahl von \u00d6kosystemen, Tiere<br \/>\nund Pflanzen sowie den Lebensraum der dort lebenden Menschen.<\/p>\n<p>Um den Tropenwald besser zu sch\u00fctzen, hat das peruanische<br \/>\nUmweltministerium einen innovativen Ansatz entwickelt, mit dem indigene<br \/>\nGemeinschaften zum strategischen Partner beim Waldschutz gemacht werden.<br \/>\nGemeinden, die den Tropenwald in ihrem Gebiet sch\u00fctzen, erhalten einen<br \/>\nfinanziellen Ausgleich f\u00fcr ihren Beitrag zum Schutz des Klimas und der<br \/>\nBiodiversit\u00e4t. Mit dieser Unterst\u00fctzung k\u00f6nnen die finanziell schwachen<br \/>\nGemeinden langfristig in ihre eigene Entwicklung investieren.<\/p>\n<p>Das Projekt im Rahmen der Internationalen Klimainitiative (IKI)<br \/>\nunterst\u00fctzt das peruanische Umweltministerium sowie die beteiligten<br \/>\nnationalen und regionalen Beh\u00f6rden und Umweltb\u00fcros. Diese erarbeiten<br \/>\nRichtlinien und Instrumente f\u00fcr die Umsetzung der Ausgleichszahlungen und<br \/>\nbauen die daf\u00fcr n\u00f6tigen institutionellen Kapazit\u00e4ten auf.<\/p>\n<p>Mehr Informationen zur Internationalen Klimaschutzinitiative (IKI):<br \/>\nhttp:\/\/www.international-climate-initiative.com\/de\/<br \/>\nDas BMUB auf Twitter: @bmub<\/p>\n<p>Quelle: bmbu-buind.de<\/p>\n","protected":false},"excerpt":{"rendered":"<p>Berlin: Biologische Vielfalt \/ Internationales Bundesumweltministerium f\u00f6rdert Schutz von Tropenw\u00e4ldern indigener Gemeinschaften in Peru Peru und Deutschland arbeiten seit vielen Jahren in den Bereichen Klimaschutz, Anpassung an die Folgen des Klimawandels sowie Erhaltung der biologischen Vielfalt eng zusammen. Das Bundesumweltministerium f\u00f6rdert jetzt ein neues Projekt zum Schutz der Tropenw\u00e4lder in der peruanischen Amazonasregion mit knapp [&hellip;]<\/p>\n","protected":false},"author":7,"featured_media":6049,"comment_status":"closed","ping_status":"open","sticky":false,"template":"","format":"standard","meta":{"footnotes":""},"categories":[3,30],"tags":[1522],"class_list":["post-7237","post","type-post","status-publish","format-standard","has-post-thumbnail","hentry","category-news","category-welt","tag-biologische-vielfalt"],"_links":{"self":[{"href":"https:\/\/www.frankensicht.de\/index.php?rest_route=\/wp\/v2\/posts\/7237","targetHints":{"allow":["GET"]}}],"collection":[{"href":"https:\/\/www.frankensicht.de\/index.php?rest_route=\/wp\/v2\/posts"}],"about":[{"href":"https:\/\/www.frankensicht.de\/index.php?rest_route=\/wp\/v2\/types\/post"}],"author":[{"embeddable":true,"href":"https:\/\/www.frankensicht.de\/index.php?rest_route=\/wp\/v2\/users\/7"}],"replies":[{"embeddable":true,"href":"https:\/\/www.frankensicht.de\/index.php?rest_route=%2Fwp%2Fv2%2Fcomments&post=7237"}],"version-history":[{"count":0,"href":"https:\/\/www.frankensicht.de\/index.php?rest_route=\/wp\/v2\/posts\/7237\/revisions"}],"wp:featuredmedia":[{"embeddable":true,"href":"https:\/\/www.frankensicht.de\/index.php?rest_route=\/wp\/v2\/media\/6049"}],"wp:attachment":[{"href":"https:\/\/www.frankensicht.de\/index.php?rest_route=%2Fwp%2Fv2%2Fmedia&parent=7237"}],"wp:term":[{"taxonomy":"category","embeddable":true,"href":"https:\/\/www.frankensicht.de\/index.php?rest_route=%2Fwp%2Fv2%2Fcategories&post=7237"},{"taxonomy":"post_tag","embeddable":true,"href":"https:\/\/www.frankensicht.de\/index.php?rest_route=%2Fwp%2Fv2%2Ftags&post=7237"}],"curies":[{"name":"wp","href":"https:\/\/api.w.org\/{rel}","templated":true}]}}