{"id":7217,"date":"2014-06-04T10:39:35","date_gmt":"2014-06-04T08:39:35","guid":{"rendered":"http:\/\/www.frankensicht.de\/?p=7217"},"modified":"2014-06-04T10:39:35","modified_gmt":"2014-06-04T08:39:35","slug":"briefmarken-und-sammlermuenzen","status":"publish","type":"post","link":"https:\/\/www.frankensicht.de\/?p=7217","title":{"rendered":"Briefmarken und Sammlerm\u00fcnzen"},"content":{"rendered":"<p><span style=\"color: #ff0000;\">Berlin:<\/span><\/p>\n<p>2-Euro-Gedenkm\u00fcnze \u201e25 Jahre Deutsche Einheit\u201c<\/p>\n<p>Die Bundesregierung beschloss am 4. Juni 2014, im Januar 2015 eine 2-Euro-Gedenkm\u00fcnze \u201e25 Jahre Deutsche Einheit\u201c herauszugeben. Die M\u00fcnze w\u00fcrdigt die Wiedervereinigung Deutschlands, die sich im kommenden Jahr zum 25. Mal j\u00e4hrt. Am 3. Oktober 1990 erf\u00fcllte sich der Auftrag des Grundgesetzes an das deutsche Volk, die Einheit und Freiheit Deutschlands zu vollenden.<br \/>\n<a href=\"https:\/\/www.frankensicht.de\/?attachment_id=7218\" rel=\"attachment wp-att-7218\"><img loading=\"lazy\" decoding=\"async\" class=\"alignnone size-medium wp-image-7218\" src=\"https:\/\/www.frankensicht.de\/wp-content\/uploads\/2014\/06\/2014-06-04-PM-2-euro-muenze-deutsche-einheit-300x159.jpg\" alt=\"2014-06-04-PM-2-euro-muenze-deutsche-einheit\" width=\"300\" height=\"159\" srcset=\"https:\/\/www.frankensicht.de\/wp-content\/uploads\/2014\/06\/2014-06-04-PM-2-euro-muenze-deutsche-einheit-300x159.jpg 300w, https:\/\/www.frankensicht.de\/wp-content\/uploads\/2014\/06\/2014-06-04-PM-2-euro-muenze-deutsche-einheit.jpg 620w\" sizes=\"auto, (max-width: 300px) 100vw, 300px\" \/><\/a><\/p>\n<p>@bundesfinanzministerium.de<\/p>\n<p>&nbsp;<\/p>\n<p>Diese Seite speichern<br \/>\nDiese Seite drucken<br \/>\nAus dieser Seite ein PDF erstellen<br \/>\nDiese Seite versenden<br \/>\nFacebook: Den Besuch unserer Website kann Facebook ihrem Konto zuordnen. Mehr Informationen dazu erhalten Sie in unseren Erkl\u00e4rungen zum Datenschutz. Diese Seite \u00fcber Facebook teilen. Link \u00f6ffnet sich in neuem Browserfenster.<br \/>\nDiese Seite \u00fcber Twitter teilen. Link \u00f6ffnet sich in neuem Browserfenster.<\/p>\n<p>04.06.2014 Briefmarken und Sammlerm\u00fcnzen<br \/>\nNr.: 9<br \/>\n2-Euro-Gedenkm\u00fcnze \u201e25 Jahre Deutsche Einheit\u201c<\/p>\n<p>Die Bundesregierung beschloss am 4. Juni 2014, im Januar 2015 eine 2-Euro-Gedenkm\u00fcnze \u201e25 Jahre Deutsche Einheit\u201c herauszugeben. Die M\u00fcnze w\u00fcrdigt die Wiedervereinigung Deutschlands, die sich im kommenden Jahr zum 25. Mal j\u00e4hrt. Am 3. Oktober 1990 erf\u00fcllte sich der Auftrag des Grundgesetzes an das deutsche Volk, die Einheit und Freiheit Deutschlands zu vollenden.<br \/>\nMenschen stehen im Vordergrund des Brandenburger Tors. Schriftzug mit dem Titel: Wir sind das Volk. Die Wertseite zeigt die Zahl 2 \u00a9 Bundesministerium der Finanzen<\/p>\n<p>Dazu erkl\u00e4rt das Bundesministerium der Finanzen:<\/p>\n<p>Der Entwurf der nationalen Seite (Bildseite) stammt von dem K\u00fcnstler Bernd Wendhut, Bernkastel-Kues. Die im Vordergrund stehenden Menschen verk\u00f6rpern Aufbruch und Neubeginn; sie befinden sich vor dem Brandenburger Tor, dem Symbol der Deutschen Einheit. Ihre Willensbekundung \u201eWir sind ein Volk\u201c repr\u00e4sentiert den Weg zur deutschen Wiedervereinigung.<\/p>\n<p>Die gemeinsame europ\u00e4ische Seite der M\u00fcnze (Wertseite) und die technischen Parameter entsprechen denen der \u201enormalen\u201c 2-Euro-Umlaufm\u00fcnze.<\/p>\n<p>Der M\u00fcnzrand enth\u00e4lt in vertiefter Pr\u00e4gung unver\u00e4ndert die Inschrift \u201eEINIGKEIT UND RECHT UND FREIHEIT\u201c sowie einen stilisierten Bundesadler.<\/p>\n<p>Die vorgesehene Auflagenh\u00f6he f\u00fcr den Umlauf betr\u00e4gt 30 Mio. St\u00fcck.<\/p>\n<p>Die M\u00fcnze ist gesetzliches Zahlungsmittel im gesamten Euro-Raum.<\/p>\n<p>Quelle: bundesfinanzministerium.de<\/p>\n","protected":false},"excerpt":{"rendered":"<p>Berlin: 2-Euro-Gedenkm\u00fcnze \u201e25 Jahre Deutsche Einheit\u201c Die Bundesregierung beschloss am 4. Juni 2014, im Januar 2015 eine 2-Euro-Gedenkm\u00fcnze \u201e25 Jahre Deutsche Einheit\u201c herauszugeben. Die M\u00fcnze w\u00fcrdigt die Wiedervereinigung Deutschlands, die sich im kommenden Jahr zum 25. Mal j\u00e4hrt. Am 3. Oktober 1990 erf\u00fcllte sich der Auftrag des Grundgesetzes an das deutsche Volk, die Einheit und [&hellip;]<\/p>\n","protected":false},"author":7,"featured_media":7218,"comment_status":"open","ping_status":"open","sticky":false,"template":"","format":"standard","meta":{"footnotes":""},"categories":[44,3],"tags":[1517],"class_list":["post-7217","post","type-post","status-publish","format-standard","has-post-thumbnail","hentry","category-deutschland-2","category-news","tag-2-euro-muenze"],"_links":{"self":[{"href":"https:\/\/www.frankensicht.de\/index.php?rest_route=\/wp\/v2\/posts\/7217","targetHints":{"allow":["GET"]}}],"collection":[{"href":"https:\/\/www.frankensicht.de\/index.php?rest_route=\/wp\/v2\/posts"}],"about":[{"href":"https:\/\/www.frankensicht.de\/index.php?rest_route=\/wp\/v2\/types\/post"}],"author":[{"embeddable":true,"href":"https:\/\/www.frankensicht.de\/index.php?rest_route=\/wp\/v2\/users\/7"}],"replies":[{"embeddable":true,"href":"https:\/\/www.frankensicht.de\/index.php?rest_route=%2Fwp%2Fv2%2Fcomments&post=7217"}],"version-history":[{"count":0,"href":"https:\/\/www.frankensicht.de\/index.php?rest_route=\/wp\/v2\/posts\/7217\/revisions"}],"wp:featuredmedia":[{"embeddable":true,"href":"https:\/\/www.frankensicht.de\/index.php?rest_route=\/wp\/v2\/media\/7218"}],"wp:attachment":[{"href":"https:\/\/www.frankensicht.de\/index.php?rest_route=%2Fwp%2Fv2%2Fmedia&parent=7217"}],"wp:term":[{"taxonomy":"category","embeddable":true,"href":"https:\/\/www.frankensicht.de\/index.php?rest_route=%2Fwp%2Fv2%2Fcategories&post=7217"},{"taxonomy":"post_tag","embeddable":true,"href":"https:\/\/www.frankensicht.de\/index.php?rest_route=%2Fwp%2Fv2%2Ftags&post=7217"}],"curies":[{"name":"wp","href":"https:\/\/api.w.org\/{rel}","templated":true}]}}