{"id":7209,"date":"2014-06-03T10:29:55","date_gmt":"2014-06-03T08:29:55","guid":{"rendered":"http:\/\/www.frankensicht.de\/?p=7209"},"modified":"2014-06-03T10:29:55","modified_gmt":"2014-06-03T08:29:55","slug":"bundesminister-schmidt-empfaengt-italienischen-landwirtschaftsminister-martina","status":"publish","type":"post","link":"https:\/\/www.frankensicht.de\/?p=7209","title":{"rendered":"Bundesminister Schmidt empf\u00e4ngt italienischen Landwirtschaftsminister Martina"},"content":{"rendered":"<p><span style=\"color: #ff0000;\">Berlin:<\/span><\/p>\n<p>Bundesminister Schmidt empf\u00e4ngt italienischen Landwirtschaftsminister Martina<br \/>\nBundeslandwirtschaftsminister Christian Schmidt hat heute den italienischen Minister f\u00fcr Landwirtschaft, Ern\u00e4hrung und Forsten, Maurizio Martina, empfangen. Beide Minister sprachen in Berlin \u00fcber Fragen der EU-Agrarpolitik und der bilateralen Zusammenarbeit. Minister Martina erl\u00e4uterte dabei seinem deutschen Amtskollegen die Vorhaben der italienischen Ratspr\u00e4sidentschaft im 2. Halbjahr 2014.<br \/>\nIn dem bilateralen Gespr\u00e4ch der Minister ging es au\u00dferdem um Fragen der Gentechnik, die Weiterentwicklung der EU-Regelungen des \u00d6kolandbaus und Agraraspekte internationaler Verhandlungen.<\/p>\n<p>&#8222;Das Gespr\u00e4ch mit Agrarminister Martina war ein guter und anregender Meinungsaustausch. Italien steht durch die anstehende Wahl der EU-Kommission im Laufe seiner Pr\u00e4sidentschaft vor spannenden Herausforderungen in der Landwirtschaft. Ich m\u00f6chte hier nur den Abschluss der GAP-Reform und die Regelungen f\u00fcr den Milchmarkt nennen&#8220;, sagte Schmidt nach dem Treffen.<\/p>\n<p>Bei der Umsetzung der Reform der Gemeinsamen Agrarpolitik wie auch bei der Entwicklung des \u00d6kolandbaus wollten die Mitgliedstaaten der EU erreichen, dass gute Regelungen im Interesse der Verbraucher und der Landwirte ohne allzu gro\u00dfen B\u00fcrokratieaufwand entwickelt werden, erl\u00e4uterte Schmidt weiter.<br \/>\nQuelle:bmel.bund.de<\/p>\n<p><a href=\"https:\/\/www.frankensicht.de\/?attachment_id=6480\" rel=\"attachment wp-att-6480\"><img loading=\"lazy\" decoding=\"async\" class=\"alignnone size-medium wp-image-6480\" src=\"https:\/\/www.frankensicht.de\/wp-content\/uploads\/2013\/12\/P1000339-300x225.jpg\" alt=\"P1000339\" width=\"300\" height=\"225\" srcset=\"https:\/\/www.frankensicht.de\/wp-content\/uploads\/2013\/12\/P1000339-300x225.jpg 300w, https:\/\/www.frankensicht.de\/wp-content\/uploads\/2013\/12\/P1000339.jpg 640w\" sizes=\"auto, (max-width: 300px) 100vw, 300px\" \/><\/a><\/p>\n","protected":false},"excerpt":{"rendered":"<p>Berlin: Bundesminister Schmidt empf\u00e4ngt italienischen Landwirtschaftsminister Martina Bundeslandwirtschaftsminister Christian Schmidt hat heute den italienischen Minister f\u00fcr Landwirtschaft, Ern\u00e4hrung und Forsten, Maurizio Martina, empfangen. Beide Minister sprachen in Berlin \u00fcber Fragen der EU-Agrarpolitik und der bilateralen Zusammenarbeit. Minister Martina erl\u00e4uterte dabei seinem deutschen Amtskollegen die Vorhaben der italienischen Ratspr\u00e4sidentschaft im 2. Halbjahr 2014. In dem bilateralen [&hellip;]<\/p>\n","protected":false},"author":7,"featured_media":6480,"comment_status":"open","ping_status":"open","sticky":false,"template":"","format":"standard","meta":{"footnotes":""},"categories":[44,3],"tags":[194],"class_list":["post-7209","post","type-post","status-publish","format-standard","has-post-thumbnail","hentry","category-deutschland-2","category-news","tag-italien"],"_links":{"self":[{"href":"https:\/\/www.frankensicht.de\/index.php?rest_route=\/wp\/v2\/posts\/7209","targetHints":{"allow":["GET"]}}],"collection":[{"href":"https:\/\/www.frankensicht.de\/index.php?rest_route=\/wp\/v2\/posts"}],"about":[{"href":"https:\/\/www.frankensicht.de\/index.php?rest_route=\/wp\/v2\/types\/post"}],"author":[{"embeddable":true,"href":"https:\/\/www.frankensicht.de\/index.php?rest_route=\/wp\/v2\/users\/7"}],"replies":[{"embeddable":true,"href":"https:\/\/www.frankensicht.de\/index.php?rest_route=%2Fwp%2Fv2%2Fcomments&post=7209"}],"version-history":[{"count":0,"href":"https:\/\/www.frankensicht.de\/index.php?rest_route=\/wp\/v2\/posts\/7209\/revisions"}],"wp:featuredmedia":[{"embeddable":true,"href":"https:\/\/www.frankensicht.de\/index.php?rest_route=\/wp\/v2\/media\/6480"}],"wp:attachment":[{"href":"https:\/\/www.frankensicht.de\/index.php?rest_route=%2Fwp%2Fv2%2Fmedia&parent=7209"}],"wp:term":[{"taxonomy":"category","embeddable":true,"href":"https:\/\/www.frankensicht.de\/index.php?rest_route=%2Fwp%2Fv2%2Fcategories&post=7209"},{"taxonomy":"post_tag","embeddable":true,"href":"https:\/\/www.frankensicht.de\/index.php?rest_route=%2Fwp%2Fv2%2Ftags&post=7209"}],"curies":[{"name":"wp","href":"https:\/\/api.w.org\/{rel}","templated":true}]}}