{"id":7183,"date":"2014-05-27T09:20:06","date_gmt":"2014-05-27T07:20:06","guid":{"rendered":"http:\/\/www.frankensicht.de\/?p=7183"},"modified":"2014-05-27T09:20:06","modified_gmt":"2014-05-27T07:20:06","slug":"bayerns-justizminister-trifft-tschechische-amtskollegin-in-prag","status":"publish","type":"post","link":"https:\/\/www.frankensicht.de\/?p=7183","title":{"rendered":"Bayerns Justizminister trifft tschechische Amtskollegin in Prag"},"content":{"rendered":"<p><span style=\"color: #ff0000;\">Prag &#8211; M\u00fcnchen:<\/span><\/p>\n<p>Bausback: &#8222;Zusammenarbeit bei der Drogenbek\u00e4mpfung hat h\u00f6chste Priorit\u00e4t!&#8220;<br \/>\nBayerns Justizminister Prof. Dr. Winfried Bausback hat in Prag seine tschechische Amtskollegin, die Justizministerin der Tschechischen Republik Prof. Dr. Helena V\u00e1lkov\u00e1, getroffen, um sich \u00fcber die Vertiefung der Zusammenarbeit beider L\u00e4nder bei der Kriminalit\u00e4tsbek\u00e4mpfung auszutauschen. Bausback aus diesem Anlass: &#8222;Gerade in einem Europa mit offenen Grenzen ist es wichtig, dass wir auch in der Rechtspolitik den Blick \u00fcber die Landesgrenzen hinaus richten und uns mit unseren europ\u00e4ischen Partnern austauschen. Deswegen war es mir ein wichtiges Anliegen, hier in Prag meine tschechische Amtskollegin zu treffen und mit ihr in dieser wundervollen Stadt und in so angenehmer Atmosph\u00e4re sprechen zu k\u00f6nnen. Dabei stand vor allem der Kampf gegen die grenz\u00fcberschreitende Drogenkriminalit\u00e4t, insbesondere die Bek\u00e4mpfung von Crystal, im Mittelpunkt. Denn Crystal ist in Deutschland inzwischen zur gef\u00e4hrlichsten Trend-Droge geworden und hat in vielen Teilen der Bundesrepublik andere Bet\u00e4ubungsmittel verdr\u00e4ngt.&#8220;<\/p>\n<p><a href=\"https:\/\/www.frankensicht.de\/?attachment_id=1410\" rel=\"attachment wp-att-1410\"><img loading=\"lazy\" decoding=\"async\" class=\"alignnone size-medium wp-image-1410\" src=\"https:\/\/www.frankensicht.de\/wp-content\/uploads\/2012\/05\/paragraf-300x187.jpg\" alt=\"paragraf\" width=\"300\" height=\"187\" srcset=\"https:\/\/www.frankensicht.de\/wp-content\/uploads\/2012\/05\/paragraf-300x187.jpg 300w, https:\/\/www.frankensicht.de\/wp-content\/uploads\/2012\/05\/paragraf.jpg 640w\" sizes=\"auto, (max-width: 300px) 100vw, 300px\" \/><\/a><\/p>\n<p>Hintergrund: Crystal ist ein extrem gesundheitssch\u00e4dliches Metamphetamin. Neben starken psychischen Nebenwirkungen wie Panikattacken und Halluzinationen f\u00fchrt es schon nach kurzzeitigem Konsum zu einem k\u00f6rperlichen Verfall von nahezu unvorstellbarem Ausma\u00df. Wie aus der erst vor kurzem vom Bundeskriminalamt und der Drogenbeauftragten der Bundesregierung vorgestellten Rauschgiftlage f\u00fcr 2013 deutlich wird, setzt sich der Trend von steigenden Sicherstellungsmengen und F\u00e4llen von Crystal in Deutschland weiter fort. War Crystal 2005 noch weitgehend unbekannt, wurden im vergangenen Jahr bundesweit in 3.847 Sicherstellungsf\u00e4llen \u00fcber 77 Kilogramm Crystal beschlagnahmt. Der Gro\u00dfteil dieses f\u00fcr den deutschen Markt bestimmten Crystals stammt aus der Produktion illegaler Rauschgiftlabore der Tschechischen Republik. Crystals wird dabei unter anderem auf den sog. &#8222;Asia-M\u00e4rkten&#8220; in den zu Deutschland grenznahen St\u00e4dten der Tschechischen Republik illegal gehandelt und von dort aus \u00fcber die Grenze eingef\u00fchrt.<\/p>\n<p>Quelle:stmj.bayern.de<\/p>\n<p>&nbsp;<\/p>\n<p>Bayerns Justizminister weiter: &#8222;F\u00fcr den Kampf gegen Crystal brauchen wir eine intensive grenz\u00fcberschreitende Zusammenarbeit von Polizei und Staatsanwaltschaft in Bayern und Tschechien. Deshalb pflegen wir hier bereits seit Jahren auf der Ebene der bayerischen und tschechischen Staatsanwaltschaften einen regelm\u00e4\u00dfigen und institutionalisierten Austausch.&#8220;<\/p>\n<p>&nbsp;<\/p>\n<p>Beide Minister bekr\u00e4ftigen, dass die Zusammenarbeit auf dem Gebiet der Drogenbek\u00e4mpfung h\u00f6chste Priorit\u00e4t habe und ein ganzheitliches Vorgehen unter Einbindung aller zust\u00e4ndigen Stellen, auch zur Bek\u00e4mpfung der Ursachen, erfordere. Bausback: &#8222;Es freut mich sehr, dass wir uns einig waren: Klares Ziel der Zusammenarbeit muss es sein, den Verfolgungsdruck auf die T\u00e4ter auf beiden Seiten der Grenze weiter zu erh\u00f6hen. Das erfordert ein besonderes Augenmerk auf die Intensivierung des Informationsaustauschs und gemeinsame Kontrollen. Daneben gilt es aber vor allem, das Problem an der Wurzel zu packen und die illegalen Produktionsst\u00e4tten anzugehen.&#8220; Einen wesentlichen Beitrag zur Eind\u00e4mmung der Crystal-Produktion k\u00f6nne zudem auch eine Begrenzung der Verf\u00fcgbarkeit von daf\u00fcr ben\u00f6tigten Grundstoffen leisten, indem der Handel mit entsprechenden Medikamenten oder entsprechender Hilfsstoffe reglementiert wird, so dass diese nicht mehr am Markt frei erworben werden k\u00f6nnen.<\/p>\n","protected":false},"excerpt":{"rendered":"<p>Prag &#8211; M\u00fcnchen: Bausback: &#8222;Zusammenarbeit bei der Drogenbek\u00e4mpfung hat h\u00f6chste Priorit\u00e4t!&#8220; Bayerns Justizminister Prof. Dr. Winfried Bausback hat in Prag seine tschechische Amtskollegin, die Justizministerin der Tschechischen Republik Prof. Dr. Helena V\u00e1lkov\u00e1, getroffen, um sich \u00fcber die Vertiefung der Zusammenarbeit beider L\u00e4nder bei der Kriminalit\u00e4tsbek\u00e4mpfung auszutauschen. Bausback aus diesem Anlass: &#8222;Gerade in einem Europa mit [&hellip;]<\/p>\n","protected":false},"author":7,"featured_media":1410,"comment_status":"open","ping_status":"open","sticky":false,"template":"","format":"standard","meta":{"footnotes":""},"categories":[78,75,71],"tags":[1513],"class_list":["post-7183","post","type-post","status-publish","format-standard","has-post-thumbnail","hentry","category-bayern","category-europa-2","category-menue","tag-justizaustausch"],"_links":{"self":[{"href":"https:\/\/www.frankensicht.de\/index.php?rest_route=\/wp\/v2\/posts\/7183","targetHints":{"allow":["GET"]}}],"collection":[{"href":"https:\/\/www.frankensicht.de\/index.php?rest_route=\/wp\/v2\/posts"}],"about":[{"href":"https:\/\/www.frankensicht.de\/index.php?rest_route=\/wp\/v2\/types\/post"}],"author":[{"embeddable":true,"href":"https:\/\/www.frankensicht.de\/index.php?rest_route=\/wp\/v2\/users\/7"}],"replies":[{"embeddable":true,"href":"https:\/\/www.frankensicht.de\/index.php?rest_route=%2Fwp%2Fv2%2Fcomments&post=7183"}],"version-history":[{"count":0,"href":"https:\/\/www.frankensicht.de\/index.php?rest_route=\/wp\/v2\/posts\/7183\/revisions"}],"wp:featuredmedia":[{"embeddable":true,"href":"https:\/\/www.frankensicht.de\/index.php?rest_route=\/wp\/v2\/media\/1410"}],"wp:attachment":[{"href":"https:\/\/www.frankensicht.de\/index.php?rest_route=%2Fwp%2Fv2%2Fmedia&parent=7183"}],"wp:term":[{"taxonomy":"category","embeddable":true,"href":"https:\/\/www.frankensicht.de\/index.php?rest_route=%2Fwp%2Fv2%2Fcategories&post=7183"},{"taxonomy":"post_tag","embeddable":true,"href":"https:\/\/www.frankensicht.de\/index.php?rest_route=%2Fwp%2Fv2%2Ftags&post=7183"}],"curies":[{"name":"wp","href":"https:\/\/api.w.org\/{rel}","templated":true}]}}