{"id":7176,"date":"2014-05-24T07:52:02","date_gmt":"2014-05-24T05:52:02","guid":{"rendered":"http:\/\/www.frankensicht.de\/?p=7176"},"modified":"2024-01-24T08:50:02","modified_gmt":"2024-01-24T07:50:02","slug":"bayerns-justizminister-stellt-bayerischen-gesetzentwurf-zum-thema-stalking-im-bundesrat-vor","status":"publish","type":"post","link":"https:\/\/www.frankensicht.de\/?p=7176","title":{"rendered":"Bayerns Justizminister stellt bayerischen Gesetzentwurf zum Thema Stalking im Bundesrat vor"},"content":{"rendered":"<p><span style=\"color: #ff0000;\">M\u00fcnchen:<\/span><\/p>\n<p>Bausback: &#8222;Opfer besser sch\u00fctzen \/ ein Zeichen setzen!&#8220;<br \/>\nDer bayerische Justizminister Prof. Dr. Winfried Bausback stellt heute im Bundesrat den bayerischen Gesetzentwurf zur Verbesserung des Schutzes gegen Nachstellungen vor. Bausback bei diesem Anlass: &#8222;Die Erfahrungen der Strafverfolgungspraxis zeigen: Das derzeitige Recht hat bedeutsame Strafbarkeitsl\u00fccken. Das k\u00f6nnen wir nicht l\u00e4nger hinnehmen!&#8220;<\/p>\n<p><a href=\"https:\/\/www.frankensicht.de\/?attachment_id=1410\" rel=\"attachment wp-att-1410\"><img loading=\"lazy\" decoding=\"async\" class=\"alignnone size-medium wp-image-1410\" src=\"https:\/\/www.frankensicht.de\/wp-content\/uploads\/2012\/05\/paragraf-300x187.jpg\" alt=\"paragraf\" width=\"300\" height=\"187\" srcset=\"https:\/\/www.frankensicht.de\/wp-content\/uploads\/2012\/05\/paragraf-300x187.jpg 300w, https:\/\/www.frankensicht.de\/wp-content\/uploads\/2012\/05\/paragraf.jpg 640w\" sizes=\"auto, (max-width: 300px) 100vw, 300px\" \/><\/a><\/p>\n<p>Der Minister weiter: &#8222;Die Strafbarkeit setzt im Moment voraus, dass der T\u00e4ter bei seinem Opfer durch sein Stalken eine schwerwiegende Beeintr\u00e4chtigung der Lebensgestaltung verursacht. Das Opfer muss also erst umziehen, seinen Arbeitsplatz wechseln oder sein Haus kaum mehr verlassen&#8220;, so Bausback. &#8222;Das wird dem Unrecht von Stalking nicht gerecht. Denn Stalking ist vor allem Psychoterror. Ein Ankn\u00fcpfen an \u00e4u\u00dferliche Verhaltens\u00e4nderungen macht aber die Strafbarkeit gerade nicht von der tats\u00e4chlichen Beeintr\u00e4chtigung des Opfers abh\u00e4ngig, sondern von der Art und Weise, wie es versucht, dieser Beeintr\u00e4chtigung zu entgehen.&#8220;<\/p>\n<p>&nbsp;<\/p>\n<p>Der bayerische Gesetzentwurf wolle, so Bausback, den strafrechtlichen Schutz der Opfer durch eine Umgestaltung des Straftatbestandes verbessern. Der Minister: &#8222;Ausreichend soll in Zukunft bereits sein, wenn das Nachstellen geeignet ist, eine schwerwiegende Beeintr\u00e4chtigung der Lebensgestaltung des Opfers herbeizuf\u00fchren. Die muss nicht schon eingetreten sein. Das sch\u00fctzt dann auch die Opfer, die zwar massiv leiden, aber St\u00e4rke zeigen und sich dem T\u00e4ter nicht beugen wollen. Zum anderen setzt die Strafbarkeit bereits zu einem fr\u00fcheren Zeitpunkt ein.&#8220; Bausback abschlie\u00dfend: &#8222;Der bayerische Gesetzesantrag dient dem Schutz der Opfer von Stalking. Er will auch ein wichtiges Zeichen setzen: Wir lassen die Opfer nicht allein!&#8220;<\/p>\n<p>Quelle:stmj.bayern.de<\/p>\n","protected":false},"excerpt":{"rendered":"<p>M\u00fcnchen: Bausback: &#8222;Opfer besser sch\u00fctzen \/ ein Zeichen setzen!&#8220; Der bayerische Justizminister Prof. Dr. Winfried Bausback stellt heute im Bundesrat den bayerischen Gesetzentwurf zur Verbesserung des Schutzes gegen Nachstellungen vor. Bausback bei diesem Anlass: &#8222;Die Erfahrungen der Strafverfolgungspraxis zeigen: Das derzeitige Recht hat bedeutsame Strafbarkeitsl\u00fccken. Das k\u00f6nnen wir nicht l\u00e4nger hinnehmen!&#8220; Der Minister weiter: &#8222;Die [&hellip;]<\/p>\n","protected":false},"author":7,"featured_media":1410,"comment_status":"closed","ping_status":"open","sticky":false,"template":"","format":"standard","meta":{"footnotes":""},"categories":[78,71],"tags":[542],"class_list":["post-7176","post","type-post","status-publish","format-standard","has-post-thumbnail","hentry","category-bayern","category-menue","tag-stalking"],"_links":{"self":[{"href":"https:\/\/www.frankensicht.de\/index.php?rest_route=\/wp\/v2\/posts\/7176","targetHints":{"allow":["GET"]}}],"collection":[{"href":"https:\/\/www.frankensicht.de\/index.php?rest_route=\/wp\/v2\/posts"}],"about":[{"href":"https:\/\/www.frankensicht.de\/index.php?rest_route=\/wp\/v2\/types\/post"}],"author":[{"embeddable":true,"href":"https:\/\/www.frankensicht.de\/index.php?rest_route=\/wp\/v2\/users\/7"}],"replies":[{"embeddable":true,"href":"https:\/\/www.frankensicht.de\/index.php?rest_route=%2Fwp%2Fv2%2Fcomments&post=7176"}],"version-history":[{"count":1,"href":"https:\/\/www.frankensicht.de\/index.php?rest_route=\/wp\/v2\/posts\/7176\/revisions"}],"predecessor-version":[{"id":16408,"href":"https:\/\/www.frankensicht.de\/index.php?rest_route=\/wp\/v2\/posts\/7176\/revisions\/16408"}],"wp:featuredmedia":[{"embeddable":true,"href":"https:\/\/www.frankensicht.de\/index.php?rest_route=\/wp\/v2\/media\/1410"}],"wp:attachment":[{"href":"https:\/\/www.frankensicht.de\/index.php?rest_route=%2Fwp%2Fv2%2Fmedia&parent=7176"}],"wp:term":[{"taxonomy":"category","embeddable":true,"href":"https:\/\/www.frankensicht.de\/index.php?rest_route=%2Fwp%2Fv2%2Fcategories&post=7176"},{"taxonomy":"post_tag","embeddable":true,"href":"https:\/\/www.frankensicht.de\/index.php?rest_route=%2Fwp%2Fv2%2Ftags&post=7176"}],"curies":[{"name":"wp","href":"https:\/\/api.w.org\/{rel}","templated":true}]}}