{"id":7170,"date":"2014-05-23T08:25:46","date_gmt":"2014-05-23T06:25:46","guid":{"rendered":"http:\/\/www.frankensicht.de\/?p=7170"},"modified":"2014-05-23T08:25:46","modified_gmt":"2014-05-23T06:25:46","slug":"22-neue-bundesrichte-rinnen-und-bundesrichter-gewaehlt","status":"publish","type":"post","link":"https:\/\/www.frankensicht.de\/?p=7170","title":{"rendered":"22 neue Bundesrichte-rinnen und Bundesrichter gew\u00e4hlt"},"content":{"rendered":"<p><span style=\"color: #ff0000;\">Berlin:<\/span><\/p>\n<p>Zu der heutigen Wahl der neuen Bundesrichterinnen und -richter erkl\u00e4rt Bundesjus-tizminister Heiko<br \/>\nMaas:<br \/>\n\u201eDer Richterwahlausschuss hat in seiner heutigen Sitzung 22 neue Bundesrichterinnen und<br \/>\nBundesrichter gew\u00e4hlt.<\/p>\n<p>F\u00fcr den Bundesgerichtshof sind neun Richterinnen und Richter, f\u00fcr den Bundesfinanzhof vier<br \/>\nRichterinnen und Richter, f\u00fcr das Bundesverwaltungsgericht vier Richterinnen und Richter, f\u00fcr das<br \/>\nBundesarbeitsgericht drei Richterinnen und Richter sowie f\u00fcr das Bundessozialgericht eine Richterin<br \/>\nund ein Richter gew\u00e4hlt worden. Ich gratuliere allen Gew\u00e4hlten sehr herzlich.\u201c<\/p>\n<p>Die neuen Bundesrichterinnen und -richter sind:<\/p>\n<p>1. Bundesgerichtshof &#8211; Gew\u00e4hlt sind neun Richterinnen und Richter f\u00fcr den Bundesgerichthof:<br \/>\nDr. Louisa Bartel<br \/>\nDr. Desir\u00e9e Daubner<br \/>\nJ\u00f6rn Feddersen<br \/>\nDr. Burkhard Feilcke<br \/>\nDr. Alfred Adelbert G\u00f6bel<br \/>\nBettina Limperg<br \/>\nDagmar Sacher<br \/>\nDr. Heinrich Schoppmeyer<br \/>\nRenate Wimmer<\/p>\n<p>2. Bundesfinanzhof &#8211; Gew\u00e4hlt sind vier Richterinnen und Richter f\u00fcr den Bundesfinanzhof:<br \/>\nDr. Sabine Haunhorst<br \/>\nDr. Roland Kr\u00fcger<br \/>\nDr. Katja Roth<br \/>\nDr. Harald Schie\u00dfl<\/p>\n<p>3. Bundesverwaltungsgericht &#8211; Gew\u00e4hlt sind vier Richterinnen und Richter f\u00fcr das<br \/>\nBundesverwaltungsgericht:<br \/>\nDr. Katharina Harms<br \/>\nPetra Hoock<br \/>\nDr. Robert Keller<br \/>\nMartin Steink\u00fchler<\/p>\n<p>4. Bundesarbeitsgericht &#8211; Gew\u00e4hlt sind drei Richterinnen und Richter f\u00fcr das Bundesarbeitsgericht:<br \/>\nDr. Ulrike Brune<br \/>\nDr. Jan-Malte Niemann<br \/>\nDr. Maren Rennpferdt<\/p>\n<p>5. Bundessozialgericht &#8211; Gew\u00e4hlt sind eine Richterin und ein Richter f\u00fcr das Bundessozialgericht:<br \/>\nDr. Anne K\u00f6rner<br \/>\nUwe Sohngen<\/p>\n<p>Quelle:bmj.bund.de<\/p>\n<p><a href=\"https:\/\/www.frankensicht.de\/?attachment_id=1410\" rel=\"attachment wp-att-1410\"><img loading=\"lazy\" decoding=\"async\" class=\"alignnone size-medium wp-image-1410\" src=\"https:\/\/www.frankensicht.de\/wp-content\/uploads\/2012\/05\/paragraf-300x187.jpg\" alt=\"paragraf\" width=\"300\" height=\"187\" srcset=\"https:\/\/www.frankensicht.de\/wp-content\/uploads\/2012\/05\/paragraf-300x187.jpg 300w, https:\/\/www.frankensicht.de\/wp-content\/uploads\/2012\/05\/paragraf.jpg 640w\" sizes=\"auto, (max-width: 300px) 100vw, 300px\" \/><\/a><\/p>\n","protected":false},"excerpt":{"rendered":"<p>Berlin: Zu der heutigen Wahl der neuen Bundesrichterinnen und -richter erkl\u00e4rt Bundesjus-tizminister Heiko Maas: \u201eDer Richterwahlausschuss hat in seiner heutigen Sitzung 22 neue Bundesrichterinnen und Bundesrichter gew\u00e4hlt. F\u00fcr den Bundesgerichtshof sind neun Richterinnen und Richter, f\u00fcr den Bundesfinanzhof vier Richterinnen und Richter, f\u00fcr das Bundesverwaltungsgericht vier Richterinnen und Richter, f\u00fcr das Bundesarbeitsgericht drei Richterinnen und [&hellip;]<\/p>\n","protected":false},"author":7,"featured_media":1410,"comment_status":"open","ping_status":"open","sticky":false,"template":"","format":"standard","meta":{"footnotes":""},"categories":[44,3],"tags":[1510],"class_list":["post-7170","post","type-post","status-publish","format-standard","has-post-thumbnail","hentry","category-deutschland-2","category-news","tag-bundesricher"],"_links":{"self":[{"href":"https:\/\/www.frankensicht.de\/index.php?rest_route=\/wp\/v2\/posts\/7170","targetHints":{"allow":["GET"]}}],"collection":[{"href":"https:\/\/www.frankensicht.de\/index.php?rest_route=\/wp\/v2\/posts"}],"about":[{"href":"https:\/\/www.frankensicht.de\/index.php?rest_route=\/wp\/v2\/types\/post"}],"author":[{"embeddable":true,"href":"https:\/\/www.frankensicht.de\/index.php?rest_route=\/wp\/v2\/users\/7"}],"replies":[{"embeddable":true,"href":"https:\/\/www.frankensicht.de\/index.php?rest_route=%2Fwp%2Fv2%2Fcomments&post=7170"}],"version-history":[{"count":0,"href":"https:\/\/www.frankensicht.de\/index.php?rest_route=\/wp\/v2\/posts\/7170\/revisions"}],"wp:featuredmedia":[{"embeddable":true,"href":"https:\/\/www.frankensicht.de\/index.php?rest_route=\/wp\/v2\/media\/1410"}],"wp:attachment":[{"href":"https:\/\/www.frankensicht.de\/index.php?rest_route=%2Fwp%2Fv2%2Fmedia&parent=7170"}],"wp:term":[{"taxonomy":"category","embeddable":true,"href":"https:\/\/www.frankensicht.de\/index.php?rest_route=%2Fwp%2Fv2%2Fcategories&post=7170"},{"taxonomy":"post_tag","embeddable":true,"href":"https:\/\/www.frankensicht.de\/index.php?rest_route=%2Fwp%2Fv2%2Ftags&post=7170"}],"curies":[{"name":"wp","href":"https:\/\/api.w.org\/{rel}","templated":true}]}}