{"id":7152,"date":"2014-05-19T08:53:44","date_gmt":"2014-05-19T06:53:44","guid":{"rendered":"http:\/\/www.frankensicht.de\/?p=7152"},"modified":"2024-01-24T08:50:30","modified_gmt":"2024-01-24T07:50:30","slug":"als-freiwillige-in-suedafrika","status":"publish","type":"post","link":"https:\/\/www.frankensicht.de\/?p=7152","title":{"rendered":"Als Freiwillige in S\u00fcdafrika"},"content":{"rendered":"<p><span style=\"color: #ff0000;\">Als Freiwillige in S\u00fcdafrika<\/span><br \/>\nSieben Wochen lang arbeitete Julia Maier als Freiwillige in einer Schule in S\u00fcdafrika. In ihrem Erfahrungsbericht erz\u00e4hlt die 20-j\u00e4hrige Eckentalerin von ihrer Arbeit.<\/p>\n<p>\u201eDanke, Frau Maier\u201c, haben die Sch\u00fcler der siebten Klasse der Sankt Agnes Primary School zum Abschied auf Deutsch an die Tafel geschrieben. Heute ist Julias letzter Tag als Freiwillige an der Kapst\u00e4dter Schule in S\u00fcdafrika. Mit Keksen und Kartoffelchips verabschiedet sich die Klasse von der 20-j\u00e4hrigen Eckentalerin, die sieben Wochen lang als Freiwillige in Kapstadt gearbeitet hat. Julia wollte in ihren Ferien etwas Sinnvolles tun und war insbesondere von der M\u00f6glichkeit begeistert, den Unterricht in \u201eihrer\u201c Klasse mitgestalten zu d\u00fcrfen. Urspr\u00fcnglich hatte sie n\u00e4mlich geplant, Lehrerin zu werden. Ihr Wunschprojekt an der Schule fand Julia \u00fcber www.VoluNation.com.<br \/>\nJulias Arbeitstag begann morgens um 8 Uhr auf dem Schulhof. Alle Sch\u00fclerinnen und Sch\u00fcler der katholischen Schule stellen sich jeden Morgen zum Beten in Reihen auf, getrennt nach Jungen und M\u00e4dchen. Erst danach geht es in die Klassenr\u00e4ume. Besonders sch\u00f6n fand Julia, dass die Schule auch von wei\u00dfen Kindern besucht wird und das Lehrerkollegium gemischt ist. In S\u00fcdafrika ist das keine Selbstverst\u00e4ndlichkeit.<br \/>\nIm Unterricht sa\u00df Julia ganz hinten in der letzten Reihe und hatte alle 30 Kinder im Blick. Sobald der Lehrer Aufgaben verteilt hatte, konnten sich die Sch\u00fclerinnen und Sch\u00fcler bei ihr melden und um Hilfe bitten. Julia ging dann von Tisch zu Tisch. \u201eViele Probleme gab es in Mathe\u201c, fiel ihr auf. Selbst bei sehr einfachen Aufgaben mussten die schw\u00e4cheren Sch\u00fclerinnen und Sch\u00fcler von ihr unterst\u00fctzt werden. \u201eAber daf\u00fcr war ich ja da\u201c, meint Julia.<\/p>\n<p><a href=\"https:\/\/www.frankensicht.de\/?attachment_id=7154\" rel=\"attachment wp-att-7154\"><img loading=\"lazy\" decoding=\"async\" class=\"alignnone size-medium wp-image-7154\" src=\"https:\/\/www.frankensicht.de\/wp-content\/uploads\/2014\/05\/Foto-Julia-Maier-III-300x225.jpg\" alt=\"Foto Julia Maier III\" width=\"300\" height=\"225\" srcset=\"https:\/\/www.frankensicht.de\/wp-content\/uploads\/2014\/05\/Foto-Julia-Maier-III-300x225.jpg 300w, https:\/\/www.frankensicht.de\/wp-content\/uploads\/2014\/05\/Foto-Julia-Maier-III.jpg 600w\" sizes=\"auto, (max-width: 300px) 100vw, 300px\" \/><\/a><\/p>\n<p>@\u00a0www.VoluNation.com<br \/>\nDer Schultag verl\u00e4uft ganz anders als in Deutschland. \u201eDie erste Pause gibt es erst um 10.30 Uhr\u201c, wunderte sich Julia. 20 Minuten lang d\u00fcrfen die Kinder dann auf dem Schulhof toben, bevor sie weitere 90 Minuten unterrichtet werden. In der zweiten Pause erhalten die Kinder ihr Mittagessen, das in der Regel aus Reis und Bohnen besteht. Um 14.40 Uhr ist der Schultag offiziell zu Ende. Gut in Erinnerung hat sie u. a. eine Chemiestunde, die sie selbst vorbereiten und unterrichten durfte. \u201eDas Thema war die Bestimmung des pH-Wertes von S\u00e4uren und Basen.\u201c Auch den Unterricht in kleinen Lerngruppen konnte Julia selbst gestalten und leiten. \u201eWir Freiwilligen wurden von Anfang an in den Unterricht mit einbezogen\u201c, berichtet sie.<br \/>\nNicht nur im Unterricht war Julias Unterst\u00fctzung gefragt. Schulgottesdienste wie zu Mari\u00e4 Himmelfahrt werden an der Schule schon Tage vorher geprobt. \u201eDamit beim Singen alles klappt\u201c, erz\u00e4hlt Julia. Die Gemeinschaft spielt an der Schule ohnehin eine gro\u00dfe Rolle. Jeden Dienstag findet vor der ersten Pause eine Sch\u00fclerversammlung statt, auf der \u00fcber Konflikte zwischen Sch\u00fclern oder \u00c4rgernisse wie M\u00fcll auf dem Schulgel\u00e4nde gesprochen wird.<br \/>\nViel Spa\u00df hat nat\u00fcrlich auch der Kontakt zu den anderen Freiwilligen von VoluNation gemacht, die mit Julia in einem Hostel in Kapstadts Studenten- und Ausgehviertel \u201eObservatory\u201c wohnten. Nachmittags und abends machte man gemeinsame Ausfl\u00fcge in die Natur oder das nahegelegene Stadtzentrum, das mit dem Taxi in nur 10 Minuten erreichbar war.<br \/>\nF\u00fcr Julia war es bereits der zweite Einsatz in Afrika. Ein Jahr zuvor hatte sie zwei Monate lang in einem Waisenhaus in Ghana verbracht. Sie liebt es, sich mit Kindern zu besch\u00e4ftigen und wurde von den Kleinen sofort ins Herz geschlossen. Julia hat sich jetzt doch f\u00fcr das Studium der Wirtschaftswissenschaften in N\u00fcrnberg entschieden. Nach Afrika wird sie aber bestimmt noch einmal fahren.<br \/>\n\u00dcber VoluNation<br \/>\nVoluNation ist Spezialist f\u00fcr weltweite Freiwilligenarbeit. Neben einem umfassenden Beratungsangebot bietet VoluNation kurzfristig buchbare Freiwilligenprojekte in mehreren Staaten Afrikas, Asiens und S\u00fcdamerikas an. Weitere Informationen sind im Internet unter www.VoluNation.com erh\u00e4ltlich.<br \/>\nQuelle:\u00a0www.VoluNation.com<\/p>\n<p><a href=\"https:\/\/www.frankensicht.de\/?attachment_id=7155\" rel=\"attachment wp-att-7155\"><img loading=\"lazy\" decoding=\"async\" class=\"alignnone size-medium wp-image-7155\" src=\"https:\/\/www.frankensicht.de\/wp-content\/uploads\/2014\/05\/Foto-Julia-Maier-IV-300x225.jpg\" alt=\"Foto Julia Maier IV\" width=\"300\" height=\"225\" srcset=\"https:\/\/www.frankensicht.de\/wp-content\/uploads\/2014\/05\/Foto-Julia-Maier-IV-300x225.jpg 300w, https:\/\/www.frankensicht.de\/wp-content\/uploads\/2014\/05\/Foto-Julia-Maier-IV.jpg 600w\" sizes=\"auto, (max-width: 300px) 100vw, 300px\" \/><\/a><\/p>\n<p>@\u00a0www.VoluNation.com<\/p>\n","protected":false},"excerpt":{"rendered":"<p>Als Freiwillige in S\u00fcdafrika Sieben Wochen lang arbeitete Julia Maier als Freiwillige in einer Schule in S\u00fcdafrika. In ihrem Erfahrungsbericht erz\u00e4hlt die 20-j\u00e4hrige Eckentalerin von ihrer Arbeit. \u201eDanke, Frau Maier\u201c, haben die Sch\u00fcler der siebten Klasse der Sankt Agnes Primary School zum Abschied auf Deutsch an die Tafel geschrieben. Heute ist Julias letzter Tag als [&hellip;]<\/p>\n","protected":false},"author":7,"featured_media":7154,"comment_status":"closed","ping_status":"open","sticky":false,"template":"","format":"standard","meta":{"footnotes":""},"categories":[78,71,85,30],"tags":[1507],"class_list":["post-7152","post","type-post","status-publish","format-standard","has-post-thumbnail","hentry","category-bayern","category-menue","category-mittelfranken","category-welt","tag-suedafrika"],"_links":{"self":[{"href":"https:\/\/www.frankensicht.de\/index.php?rest_route=\/wp\/v2\/posts\/7152","targetHints":{"allow":["GET"]}}],"collection":[{"href":"https:\/\/www.frankensicht.de\/index.php?rest_route=\/wp\/v2\/posts"}],"about":[{"href":"https:\/\/www.frankensicht.de\/index.php?rest_route=\/wp\/v2\/types\/post"}],"author":[{"embeddable":true,"href":"https:\/\/www.frankensicht.de\/index.php?rest_route=\/wp\/v2\/users\/7"}],"replies":[{"embeddable":true,"href":"https:\/\/www.frankensicht.de\/index.php?rest_route=%2Fwp%2Fv2%2Fcomments&post=7152"}],"version-history":[{"count":1,"href":"https:\/\/www.frankensicht.de\/index.php?rest_route=\/wp\/v2\/posts\/7152\/revisions"}],"predecessor-version":[{"id":16409,"href":"https:\/\/www.frankensicht.de\/index.php?rest_route=\/wp\/v2\/posts\/7152\/revisions\/16409"}],"wp:featuredmedia":[{"embeddable":true,"href":"https:\/\/www.frankensicht.de\/index.php?rest_route=\/wp\/v2\/media\/7154"}],"wp:attachment":[{"href":"https:\/\/www.frankensicht.de\/index.php?rest_route=%2Fwp%2Fv2%2Fmedia&parent=7152"}],"wp:term":[{"taxonomy":"category","embeddable":true,"href":"https:\/\/www.frankensicht.de\/index.php?rest_route=%2Fwp%2Fv2%2Fcategories&post=7152"},{"taxonomy":"post_tag","embeddable":true,"href":"https:\/\/www.frankensicht.de\/index.php?rest_route=%2Fwp%2Fv2%2Ftags&post=7152"}],"curies":[{"name":"wp","href":"https:\/\/api.w.org\/{rel}","templated":true}]}}