{"id":7142,"date":"2014-05-16T08:37:11","date_gmt":"2014-05-16T06:37:11","guid":{"rendered":"http:\/\/www.frankensicht.de\/?p=7142"},"modified":"2014-05-16T08:37:11","modified_gmt":"2014-05-16T06:37:11","slug":"folgen-extremer-wetterlagen-fuer-die-land-und-forstwirtschaft","status":"publish","type":"post","link":"https:\/\/www.frankensicht.de\/?p=7142","title":{"rendered":"Folgen extremer Wetterlagen f\u00fcr die Land- und Forstwirtschaft"},"content":{"rendered":"<p><span style=\"color: #ff0000;\">Berlin:<\/span><br \/>\nExperten aus Wissenschaft, Wirtschaft und Verwaltung diskutieren erste Ergebnisse eines BMEL-Forschungsprojektes<\/p>\n<p>Extreme Wetterlagen wie Hitze, D\u00fcrre, Sturm, \u00dcberschwemmungen, Hagel oder Frost k\u00f6nnen der deutschen Land- und Forstwirtschaft erheblichen Schaden zuf\u00fcgen. W\u00e4hrend die langfristigen und globalen Auswirkungen des Klimawandels intensiv erforscht werden, gibt es f\u00fcr die regional stark variierenden Extremwetterlagen infolge des Klimawandels bislang kaum belastbare Forschungsergebnisse. Um hier\u00fcber fundierte Informationen zu erhalten, hat das Bundesministerium f\u00fcr Ern\u00e4hrung und Landwirtschaft (BMEL) das Forschungsprojekt &#8222;Agrarrelevante Extremwetterlagen und M\u00f6glichkeiten von Risikomanagementsystemen&#8220; angesto\u00dfen. Es wird als Verbundprojekt von den Ressortforschungsinstituten des BMEL, dem Th\u00fcnen-Institut und dem Julius K\u00fchn-Institut, in Zusammenarbeit mit dem Deutschen Wetterdienst (DWD) sowie verschiedenen externen Forschungseinheiten bearbeitet.<\/p>\n<p><a href=\"https:\/\/www.frankensicht.de\/?attachment_id=7144\" rel=\"attachment wp-att-7144\"><img loading=\"lazy\" decoding=\"async\" class=\"alignnone size-medium wp-image-7144\" src=\"https:\/\/www.frankensicht.de\/wp-content\/uploads\/2014\/05\/himmel-2-300x225.jpg\" alt=\"himmel 2\" width=\"300\" height=\"225\" srcset=\"https:\/\/www.frankensicht.de\/wp-content\/uploads\/2014\/05\/himmel-2-300x225.jpg 300w, https:\/\/www.frankensicht.de\/wp-content\/uploads\/2014\/05\/himmel-2.jpg 640w\" sizes=\"auto, (max-width: 300px) 100vw, 300px\" \/><\/a><\/p>\n<p>In einem Workshop am Th\u00fcnen-Institut in Braunschweig wurden in dieser Woche erste Ergebnisse vorgestellt und mit Experten aus Wissenschaft, Wirtschaft und Verwaltung diskutiert:<\/p>\n<p>* Nach ersten Auswertungen der derzeit vorliegenden Klimaprojektionen durch den Deutschen Wetterdienst nehmen Hitzetage in der Vegetationsperiode zuk\u00fcnftig zu. Diese Tendenz war bereits in den letzten 50 Jahren zu beobachten, f\u00fchrte Frau Dr. Cathleen Fr\u00fchauf vom DWD aus. Dies geht einher mit einer Zunahme der Trockenheitsphasen. Kein eindeutiger Trend ist dagegen bei Starkregenereignissen zu erkennen.<br \/>\n* Die Relevanz von Extremereignissen ist in Deutschland regional sehr unterschiedlich und muss zudem kulturartenspezifisch differenziert werden, so Dr. Holger Lilienthal vom Julius-K\u00fchn-Institut. Eine vom Dienstleistungszentrum L\u00e4ndlicher Raum Rheinland-Pfalz und Julius K\u00fchn-Institut durchgef\u00fchrte Expertenbefragung lieferte hierzu wichtige Informationen. Die Experten gehen davon aus, dass Hagel, Sp\u00e4tfr\u00f6ste, Trockenheit und Staun\u00e4sse f\u00fcr die Betriebe mit Gem\u00fcse-, Obst-, Wein- und Hopfenanbau die gr\u00f6\u00dften Herausforderungen darstellen.<br \/>\n* Gegen\u00fcber der Landwirtschaft und dem Sonderkulturanbau sind f\u00fcr die Forstwirtschaft und den Wald in erster Linie Sturm, extreme Hitze und extreme Trockenheit relevant, erl\u00e4uterte Prof. Dr. Andreas Bolte vom Th\u00fcnen-Institut.<\/p>\n<p>Auf Grundlage dieser und weiterer Ergebnisse werden im Projektverlauf die Auswirkungen der Extremwetterlagen abgesch\u00e4tzt und f\u00fcr wichtige Extremereignisse jeweils die M\u00f6glichkeiten des Risikomanagements untersucht. Dazu waren Diskussionsbeitr\u00e4ge im Rahmen der Tagung eine wertvolle Hilfe, schloss Dr. Horst G\u00f6mann vom Th\u00fcnen-Institut die Tagung. Die Vorlage des Endberichtes ist f\u00fcr Fr\u00fchjahr 2015 vorgesehen.<\/p>\n<p>Quelle: bmel.bund.de<\/p>\n","protected":false},"excerpt":{"rendered":"<p>Berlin: Experten aus Wissenschaft, Wirtschaft und Verwaltung diskutieren erste Ergebnisse eines BMEL-Forschungsprojektes Extreme Wetterlagen wie Hitze, D\u00fcrre, Sturm, \u00dcberschwemmungen, Hagel oder Frost k\u00f6nnen der deutschen Land- und Forstwirtschaft erheblichen Schaden zuf\u00fcgen. W\u00e4hrend die langfristigen und globalen Auswirkungen des Klimawandels intensiv erforscht werden, gibt es f\u00fcr die regional stark variierenden Extremwetterlagen infolge des Klimawandels bislang kaum [&hellip;]<\/p>\n","protected":false},"author":7,"featured_media":7144,"comment_status":"open","ping_status":"open","sticky":false,"template":"","format":"standard","meta":{"footnotes":""},"categories":[44,3],"tags":[1505,1504],"class_list":["post-7142","post","type-post","status-publish","format-standard","has-post-thumbnail","hentry","category-deutschland-2","category-news","tag-forstwirtschaft","tag-wetter-landwirtschaft"],"_links":{"self":[{"href":"https:\/\/www.frankensicht.de\/index.php?rest_route=\/wp\/v2\/posts\/7142","targetHints":{"allow":["GET"]}}],"collection":[{"href":"https:\/\/www.frankensicht.de\/index.php?rest_route=\/wp\/v2\/posts"}],"about":[{"href":"https:\/\/www.frankensicht.de\/index.php?rest_route=\/wp\/v2\/types\/post"}],"author":[{"embeddable":true,"href":"https:\/\/www.frankensicht.de\/index.php?rest_route=\/wp\/v2\/users\/7"}],"replies":[{"embeddable":true,"href":"https:\/\/www.frankensicht.de\/index.php?rest_route=%2Fwp%2Fv2%2Fcomments&post=7142"}],"version-history":[{"count":0,"href":"https:\/\/www.frankensicht.de\/index.php?rest_route=\/wp\/v2\/posts\/7142\/revisions"}],"wp:featuredmedia":[{"embeddable":true,"href":"https:\/\/www.frankensicht.de\/index.php?rest_route=\/wp\/v2\/media\/7144"}],"wp:attachment":[{"href":"https:\/\/www.frankensicht.de\/index.php?rest_route=%2Fwp%2Fv2%2Fmedia&parent=7142"}],"wp:term":[{"taxonomy":"category","embeddable":true,"href":"https:\/\/www.frankensicht.de\/index.php?rest_route=%2Fwp%2Fv2%2Fcategories&post=7142"},{"taxonomy":"post_tag","embeddable":true,"href":"https:\/\/www.frankensicht.de\/index.php?rest_route=%2Fwp%2Fv2%2Ftags&post=7142"}],"curies":[{"name":"wp","href":"https:\/\/api.w.org\/{rel}","templated":true}]}}