{"id":6963,"date":"2014-03-29T08:10:13","date_gmt":"2014-03-29T07:10:13","guid":{"rendered":"http:\/\/www.frankensicht.de\/?p=6963"},"modified":"2014-03-29T08:10:13","modified_gmt":"2014-03-29T07:10:13","slug":"landesgartenschau-2014-in-deggendorf-ist-vorbild-fuer-nachhaltige-stadtentwicklung","status":"publish","type":"post","link":"https:\/\/www.frankensicht.de\/?p=6963","title":{"rendered":"Landesgartenschau 2014 in Deggendorf ist Vorbild f\u00fcr nachhaltige Stadtentwicklung"},"content":{"rendered":"<p><span style=\"color: #ff0000;\">Deggendorf<\/span><\/p>\n<p>Nach 25 Jahren findet wieder eine Landesgartenschau in Niederbayern statt. Die Landesgartenschau in Deggendorf stellt dabei die Donau als pr\u00e4genden Lebens- und Naturraum f\u00fcr die Stadt in den Mittelpunkt. Auf der Er\u00f6ffnungspressekonferenz betonte der Bayerische Umweltminister Dr. Marcel Huber: &#8222;Gartenschauen sind gr\u00fcne Oasen in den St\u00e4dten und bringen damit die Natur zu den Menschen. Sie schaffen neue Lebensr\u00e4ume f\u00fcr Pflanzen und Tiere und gleichzeitig attraktive Erholungsanlagen f\u00fcr die einheimische Bev\u00f6lkerung. Dadurch verbessern sie dauerhaft die Lebensqualit\u00e4t.&#8220; Unter dem Motto &#8222;Ufer verbinden, Grenzen \u00fcberwinden&#8220; wurde bei der Landesgartenschau Deggendorf ein Konzept umgesetzt, in dessen Rahmen das zentral gelegene Gebiet zwischen der Deggendorfer Altstadt und der Donau neu gestaltet und begr\u00fcnt wurde. Auf rund 17 Hektar wurden 450 B\u00e4ume, 3.900 m\u00b2 Sommerblumen in 200 verschiedenen Sorten und 80.000 Tulpen gepflanzt. Au\u00dferdem wurden 2.000 m\u00b2 Staudenfl\u00e4chen geschaffen und im Stadthallenpark ein historischer Rosengarten angelegt. Auf dem bisher brachliegenden Gleisdreieck ist eine Streuobstwiese mit alten und regionalen Apfelsorten entstanden. &#8222;Wir wollen mit der Gartenschau die Neugier auf die Natur wecken. Die beispielhafte Gestaltung und Pflege von Gr\u00fcnfl\u00e4chen und G\u00e4rten kann die Bev\u00f6lkerung direkt vor der Haust\u00fcre f\u00fcr Naturschutz und Landschaftspflege begeistern&#8220;, so Huber.<\/p>\n<p>Wichtiges Element der Landesgartenschau in Deggendorf ist ein nachhaltiges Gesamtkonzept f\u00fcr das Donauufer. Dabei wird der Donaupark zur Promenade gestaltet und als landschaftlicher Uferpark mit Stadtstrand zum zentralen Naherholungsgebiet am Fluss. Dar\u00fcber hinaus ist an der Ackerloh auf ehemaligen Parkplatzfl\u00e4chen eine neue Parklandschaft auf zwei Ebenen entstanden, die sich \u00fcber eine L\u00e4nge von rund 1,7 Kilometer erstreckt und den Abschluss der Innenstadt hin zur Donau bildet. Herzst\u00fcck der Landesgartenschau ist die neue Fu\u00df- und Radwegebr\u00fccke, die mit 465 Metern eine der l\u00e4ngsten in Europa ist und die Stadtteile auf der rechten Donauuferseite mit der Stadtmitte verbindet. Im Zuge der Bauma\u00dfnahmen f\u00fcr die Gartenschau wurde auch der Hochwasserschutz auf der rechten Donauseite verbessert. Hier wurden rund 35 Hektar Retentionsfl\u00e4chen geschaffen. Das Bayerische Umweltministerium pr\u00e4sentiert in einem Pavillon zus\u00e4tzlich eine eigens konzipierte Ausstellung zum Thema Hochwasserschutzkonzept f\u00fcr die niederbayerische Donau. Die Nationalparkverwaltung Bayerischer Wald f\u00fchrt ein Schulklassenprogramm mit Informationen \u00fcber den Nationalpark durch. Dabei wird Schulklassen das Thema Wildnis und Artenvielfalt in der Region spielerisch n\u00e4her gebracht.<\/p>\n<p><a href=\"https:\/\/www.frankensicht.de\/?attachment_id=6221\" rel=\"attachment wp-att-6221\"><img loading=\"lazy\" decoding=\"async\" class=\"alignnone size-medium wp-image-6221\" alt=\"blume\" src=\"https:\/\/www.frankensicht.de\/wp-content\/uploads\/2013\/09\/blume-300x200.jpg\" width=\"300\" height=\"200\" srcset=\"https:\/\/www.frankensicht.de\/wp-content\/uploads\/2013\/09\/blume-300x200.jpg 300w, https:\/\/www.frankensicht.de\/wp-content\/uploads\/2013\/09\/blume-220x146.jpg 220w, https:\/\/www.frankensicht.de\/wp-content\/uploads\/2013\/09\/blume.jpg 600w\" sizes=\"auto, (max-width: 300px) 100vw, 300px\" \/><\/a><\/p>\n<p>Die Landesgartenschau in Deggendorf \u00f6ffnet am 25. April 2014 und endet am 5. Oktober 2014. Das Bayerische Umweltministerium f\u00f6rderte die Landesgartenschau mit 3,6 Millionen Euro. Durch Landes- und Regionalgartenschauen wurden in Bayern bislang \u00fcber 404 Hektar dauerhafte Gr\u00fcn- und Erholungsfl\u00e4chen geschaffen. Das Bayerische Umweltministerium hat diese seit 1980 mit insgesamt 63 Millionen Euro gef\u00f6rdert.<\/p>\n<p>Quelle: stmuv.bayern.de<\/p>\n","protected":false},"excerpt":{"rendered":"<p>Deggendorf Nach 25 Jahren findet wieder eine Landesgartenschau in Niederbayern statt. Die Landesgartenschau in Deggendorf stellt dabei die Donau als pr\u00e4genden Lebens- und Naturraum f\u00fcr die Stadt in den Mittelpunkt. Auf der Er\u00f6ffnungspressekonferenz betonte der Bayerische Umweltminister Dr. Marcel Huber: &#8222;Gartenschauen sind gr\u00fcne Oasen in den St\u00e4dten und bringen damit die Natur zu den Menschen. [&hellip;]<\/p>\n","protected":false},"author":7,"featured_media":6221,"comment_status":"open","ping_status":"open","sticky":false,"template":"","format":"standard","meta":{"footnotes":""},"categories":[78,71],"tags":[1471],"class_list":["post-6963","post","type-post","status-publish","format-standard","has-post-thumbnail","hentry","category-bayern","category-menue","tag-landesgartenschau-deggendorf"],"_links":{"self":[{"href":"https:\/\/www.frankensicht.de\/index.php?rest_route=\/wp\/v2\/posts\/6963","targetHints":{"allow":["GET"]}}],"collection":[{"href":"https:\/\/www.frankensicht.de\/index.php?rest_route=\/wp\/v2\/posts"}],"about":[{"href":"https:\/\/www.frankensicht.de\/index.php?rest_route=\/wp\/v2\/types\/post"}],"author":[{"embeddable":true,"href":"https:\/\/www.frankensicht.de\/index.php?rest_route=\/wp\/v2\/users\/7"}],"replies":[{"embeddable":true,"href":"https:\/\/www.frankensicht.de\/index.php?rest_route=%2Fwp%2Fv2%2Fcomments&post=6963"}],"version-history":[{"count":0,"href":"https:\/\/www.frankensicht.de\/index.php?rest_route=\/wp\/v2\/posts\/6963\/revisions"}],"wp:featuredmedia":[{"embeddable":true,"href":"https:\/\/www.frankensicht.de\/index.php?rest_route=\/wp\/v2\/media\/6221"}],"wp:attachment":[{"href":"https:\/\/www.frankensicht.de\/index.php?rest_route=%2Fwp%2Fv2%2Fmedia&parent=6963"}],"wp:term":[{"taxonomy":"category","embeddable":true,"href":"https:\/\/www.frankensicht.de\/index.php?rest_route=%2Fwp%2Fv2%2Fcategories&post=6963"},{"taxonomy":"post_tag","embeddable":true,"href":"https:\/\/www.frankensicht.de\/index.php?rest_route=%2Fwp%2Fv2%2Ftags&post=6963"}],"curies":[{"name":"wp","href":"https:\/\/api.w.org\/{rel}","templated":true}]}}