{"id":6953,"date":"2014-03-25T07:34:26","date_gmt":"2014-03-25T06:34:26","guid":{"rendered":"http:\/\/www.frankensicht.de\/?p=6953"},"modified":"2014-03-25T07:34:26","modified_gmt":"2014-03-25T06:34:26","slug":"maedchen-nicht-falsches-schoenheitsideal-im-fernsehen-vermitteln","status":"publish","type":"post","link":"https:\/\/www.frankensicht.de\/?p=6953","title":{"rendered":"M\u00e4dchen nicht falsches Sch\u00f6nheitsideal im Fernsehen vermitteln"},"content":{"rendered":"<p><span style=\"color: #ff0000;\">M\u00fcnchen:<\/span><\/p>\n<p>Huml besorgt \u00fcber zunehmende Magersucht in Bayern<\/p>\n<p>Gesundheitsministerin: M\u00e4dchen nicht falsches Sch\u00f6nheitsideal im Fernsehen vermitteln<\/p>\n<p><a href=\"https:\/\/www.frankensicht.de\/?attachment_id=4554\" rel=\"attachment wp-att-4554\"><img loading=\"lazy\" decoding=\"async\" class=\"alignnone size-medium wp-image-4554\" alt=\"quark\" src=\"https:\/\/www.frankensicht.de\/wp-content\/uploads\/2012\/11\/quark-300x225.jpg\" width=\"300\" height=\"225\" srcset=\"https:\/\/www.frankensicht.de\/wp-content\/uploads\/2012\/11\/quark-300x225.jpg 300w, https:\/\/www.frankensicht.de\/wp-content\/uploads\/2012\/11\/quark.jpg 640w\" sizes=\"auto, (max-width: 300px) 100vw, 300px\" \/><\/a><\/p>\n<p>Die Bayerische Gesundheitsministerin Melanie Huml ist besorgt \u00fcber die steigende Zahl von Magers\u00fcchtigen im Freistaat. Huml betonte am Montag in M\u00fcnchen: &#8222;Betroffen sind vor allem M\u00e4dchen. Fernsehsendungen sollten nicht mit Mager-Models ein falsches Sch\u00f6nheitsideal vermitteln.&#8220;<\/p>\n<p>Etwa 20 Prozent der Kinder und Jugendlichen im Alter von 11 bis 17 Jahren sind von Essst\u00f6rungen unterschiedlichen Ausma\u00dfes betroffen. Allein an Magersucht leiden derzeit in Bayern gesch\u00e4tzt mehr als 700.000 Menschen &#8211; mit steigender Tendenz.<\/p>\n<p>Huml mahnte: &#8222;Gewicht ist Leben. Wir m\u00fcssen ein gesundes K\u00f6rpergef\u00fchl vermitteln &amp;ndash; ohne Extreme.&#8220; Zudem sollten vor allem Eltern auf m\u00f6gliche Warnhinweise achten. Die Ministerin f\u00fcgte hinzu: &#8222;Die Magersucht ist keine Erkrankung von heute auf morgen, sondern ein langer Prozess, der sich schleichend ank\u00fcndigt. Deshalb ist Wachsamkeit gefordert.&#8220;<\/p>\n<p>Eltern sollten zum Beispiel hellh\u00f6rig werden, wenn ihre Kinder das gemeinsame Essen ablehnen. Magersucht geh\u00f6rt zu den h\u00e4ufigsten psychischen Erkrankungen von Kindern und Jugendlichen. Die Symptome reichen vom Schw\u00e4cheanfall und Kreislaufst\u00f6rungen bis hin zu Nierenversagen und Herzstillstand. Etwa jeder siebte Magers\u00fcchtige stirbt an den Folgen.<\/p>\n<p>In vielen St\u00e4dten gibt es spezialisierte Beratungsstellen f\u00fcr Ess-St\u00f6rungen. Ein Beispiel ist der Verein ANAD in M\u00fcnchen. Das Bayerische Gesundheitsministerium setzt zudem auf Vorsorge. So hat es eine Ausstellung zum Thema Magersucht mit dem Titel &amp;bdquo;Der Klang meines K\u00f6rpers&amp;ldquo; initiiert. Das Zentrum f\u00fcr Pr\u00e4vention und Gesundheit am Landesamt f\u00fcr Gesundheit und Lebensmittelsicherheit (LGL) verleiht die Exponate bayernweit f\u00fcr die Pr\u00e4ventionsarbeit an Schulen, Beratungsstellen und Jugendeinrichtungen.<\/p>\n<p>Weitere Informationen gibt es auch im Internet unter: http:\/\/www.zpg-bayern.de\/ess-stoerungen.html<\/p>\n<p>Quelle: stmpg.bayern.de<\/p>\n<p>&nbsp;<\/p>\n","protected":false},"excerpt":{"rendered":"<p>M\u00fcnchen: Huml besorgt \u00fcber zunehmende Magersucht in Bayern Gesundheitsministerin: M\u00e4dchen nicht falsches Sch\u00f6nheitsideal im Fernsehen vermitteln Die Bayerische Gesundheitsministerin Melanie Huml ist besorgt \u00fcber die steigende Zahl von Magers\u00fcchtigen im Freistaat. Huml betonte am Montag in M\u00fcnchen: &#8222;Betroffen sind vor allem M\u00e4dchen. Fernsehsendungen sollten nicht mit Mager-Models ein falsches Sch\u00f6nheitsideal vermitteln.&#8220; Etwa 20 Prozent der [&hellip;]<\/p>\n","protected":false},"author":7,"featured_media":4554,"comment_status":"open","ping_status":"open","sticky":false,"template":"","format":"standard","meta":{"footnotes":""},"categories":[78,71],"tags":[1469],"class_list":["post-6953","post","type-post","status-publish","format-standard","has-post-thumbnail","hentry","category-bayern","category-menue","tag-magersucht"],"_links":{"self":[{"href":"https:\/\/www.frankensicht.de\/index.php?rest_route=\/wp\/v2\/posts\/6953","targetHints":{"allow":["GET"]}}],"collection":[{"href":"https:\/\/www.frankensicht.de\/index.php?rest_route=\/wp\/v2\/posts"}],"about":[{"href":"https:\/\/www.frankensicht.de\/index.php?rest_route=\/wp\/v2\/types\/post"}],"author":[{"embeddable":true,"href":"https:\/\/www.frankensicht.de\/index.php?rest_route=\/wp\/v2\/users\/7"}],"replies":[{"embeddable":true,"href":"https:\/\/www.frankensicht.de\/index.php?rest_route=%2Fwp%2Fv2%2Fcomments&post=6953"}],"version-history":[{"count":0,"href":"https:\/\/www.frankensicht.de\/index.php?rest_route=\/wp\/v2\/posts\/6953\/revisions"}],"wp:featuredmedia":[{"embeddable":true,"href":"https:\/\/www.frankensicht.de\/index.php?rest_route=\/wp\/v2\/media\/4554"}],"wp:attachment":[{"href":"https:\/\/www.frankensicht.de\/index.php?rest_route=%2Fwp%2Fv2%2Fmedia&parent=6953"}],"wp:term":[{"taxonomy":"category","embeddable":true,"href":"https:\/\/www.frankensicht.de\/index.php?rest_route=%2Fwp%2Fv2%2Fcategories&post=6953"},{"taxonomy":"post_tag","embeddable":true,"href":"https:\/\/www.frankensicht.de\/index.php?rest_route=%2Fwp%2Fv2%2Ftags&post=6953"}],"curies":[{"name":"wp","href":"https:\/\/api.w.org\/{rel}","templated":true}]}}