{"id":6643,"date":"2014-01-08T08:43:03","date_gmt":"2014-01-08T07:43:03","guid":{"rendered":"http:\/\/www.frankensicht.de\/?p=6643"},"modified":"2014-01-08T08:43:03","modified_gmt":"2014-01-08T07:43:03","slug":"sterbehilfe","status":"publish","type":"post","link":"https:\/\/www.frankensicht.de\/?p=6643","title":{"rendered":"Sterbehilfe"},"content":{"rendered":"<p><span style=\"color: #ff0000;\">M\u00fcnchen:<\/span><\/p>\n<p>Bayerns Justizminister f\u00fcr strafrechtliche Erfassung auch der organisierten Sterbehilfe \/ Bausback: &#8222;Thema ber\u00fchrt ganz grunds\u00e4tzliche Fragen und Grundwerte in unserer humanen Gesellschaft.&#8220;<\/p>\n<p>Anl\u00e4sslich der aktuellen Diskussion und Medienberichterstattung zum Thema Sterbehilfe spricht sich Bayerns Justizminister Prof. Dr. Winfried Bausback f\u00fcr die strafrechtliche Ahndung sowohl der gewerbsm\u00e4\u00dfigen als auch der organisierten Sterbehilfe aus: &#8222;Das hohe Gut der freien Selbstbestimmung des Menschen darf nicht als Feigenblatt daf\u00fcr herhalten, wenn Menschen Geld damit verdienen wollen, Alten oder schwer Kranken das Sterben als Dienstleistung und als vermeintlich einfachen und schnellen Ausweg anzubieten. Dem m\u00fcssen wir mit den Mitteln des Strafrechts unmissverst\u00e4ndlich entgegen treten.&#8220;<\/p>\n<p><a href=\"https:\/\/www.frankensicht.de\/?attachment_id=3355\" rel=\"attachment wp-att-3355\"><img loading=\"lazy\" decoding=\"async\" class=\"alignnone size-medium wp-image-3355\" alt=\"kreuz-der-einheit\" src=\"https:\/\/www.frankensicht.de\/wp-content\/uploads\/2012\/07\/kreuz-der-einheit-224x300.jpg\" width=\"224\" height=\"300\" srcset=\"https:\/\/www.frankensicht.de\/wp-content\/uploads\/2012\/07\/kreuz-der-einheit-224x300.jpg 224w, https:\/\/www.frankensicht.de\/wp-content\/uploads\/2012\/07\/kreuz-der-einheit.jpg 395w\" sizes=\"auto, (max-width: 224px) 100vw, 224px\" \/><\/a><\/p>\n<p>Bausback weiter: &#8222;Aber wir d\u00fcrfen nicht bei dem Verbot der gewerbsm\u00e4\u00dfigen Sterbehilfe stehen bleiben. Das w\u00e4re zwar ein Schritt in die richtige Richtung, aber nicht weit genug. Die Gewerbsm\u00e4\u00dfigkeit wird in der Praxis h\u00e4ufig schwer nachzuweisen sein und birgt die Gefahr von Schlupfl\u00f6chern. Deshalb muss auch die organisierte Sterbehilfe ein Fall f\u00fcr den Staatsanwalt werden.&#8220;<\/p>\n<p>Bausback abschlie\u00dfend: &#8222;Dieses Thema ber\u00fchrt ganz grunds\u00e4tzliche Fragen und Grundwerte in unserer humanen Gesellschaft. Und was uns auch klar sein muss: Wenn wir der organisierten Sterbehilfe nicht eine klare und unmissverst\u00e4ndliche Absage erteilen, kann es ganz schnell F\u00e4lle geben, in denen f\u00fcr Betroffene aus vermeintlich freier Selbstbestimmung nicht hinnehmbare emotionale Zwangslagen werden. Und F\u00e4lle, bei denen sich Menschen vielleicht gegen diesen unumkehrbaren Ausweg entschieden h\u00e4tten, wenn man ihnen statt Tod neuen Lebensmut in einer verzweifelten Lage h\u00e4tte anbieten k\u00f6nnen. Das kann niemand wollen.&#8220;<\/p>\n<p>Quelle:stmj.bayern.de<\/p>\n","protected":false},"excerpt":{"rendered":"<p>M\u00fcnchen: Bayerns Justizminister f\u00fcr strafrechtliche Erfassung auch der organisierten Sterbehilfe \/ Bausback: &#8222;Thema ber\u00fchrt ganz grunds\u00e4tzliche Fragen und Grundwerte in unserer humanen Gesellschaft.&#8220; Anl\u00e4sslich der aktuellen Diskussion und Medienberichterstattung zum Thema Sterbehilfe spricht sich Bayerns Justizminister Prof. Dr. Winfried Bausback f\u00fcr die strafrechtliche Ahndung sowohl der gewerbsm\u00e4\u00dfigen als auch der organisierten Sterbehilfe aus: &#8222;Das hohe [&hellip;]<\/p>\n","protected":false},"author":7,"featured_media":3355,"comment_status":"open","ping_status":"open","sticky":false,"template":"","format":"standard","meta":{"footnotes":""},"categories":[78,71],"tags":[560],"class_list":["post-6643","post","type-post","status-publish","format-standard","has-post-thumbnail","hentry","category-bayern","category-menue","tag-sterbehilfe"],"_links":{"self":[{"href":"https:\/\/www.frankensicht.de\/index.php?rest_route=\/wp\/v2\/posts\/6643","targetHints":{"allow":["GET"]}}],"collection":[{"href":"https:\/\/www.frankensicht.de\/index.php?rest_route=\/wp\/v2\/posts"}],"about":[{"href":"https:\/\/www.frankensicht.de\/index.php?rest_route=\/wp\/v2\/types\/post"}],"author":[{"embeddable":true,"href":"https:\/\/www.frankensicht.de\/index.php?rest_route=\/wp\/v2\/users\/7"}],"replies":[{"embeddable":true,"href":"https:\/\/www.frankensicht.de\/index.php?rest_route=%2Fwp%2Fv2%2Fcomments&post=6643"}],"version-history":[{"count":0,"href":"https:\/\/www.frankensicht.de\/index.php?rest_route=\/wp\/v2\/posts\/6643\/revisions"}],"wp:featuredmedia":[{"embeddable":true,"href":"https:\/\/www.frankensicht.de\/index.php?rest_route=\/wp\/v2\/media\/3355"}],"wp:attachment":[{"href":"https:\/\/www.frankensicht.de\/index.php?rest_route=%2Fwp%2Fv2%2Fmedia&parent=6643"}],"wp:term":[{"taxonomy":"category","embeddable":true,"href":"https:\/\/www.frankensicht.de\/index.php?rest_route=%2Fwp%2Fv2%2Fcategories&post=6643"},{"taxonomy":"post_tag","embeddable":true,"href":"https:\/\/www.frankensicht.de\/index.php?rest_route=%2Fwp%2Fv2%2Ftags&post=6643"}],"curies":[{"name":"wp","href":"https:\/\/api.w.org\/{rel}","templated":true}]}}