{"id":6623,"date":"2014-01-02T11:01:48","date_gmt":"2014-01-02T10:01:48","guid":{"rendered":"http:\/\/www.frankensicht.de\/?p=6623"},"modified":"2014-01-02T11:01:48","modified_gmt":"2014-01-02T10:01:48","slug":"europaeisches-schulobstprogramm-wird-aufgestockt","status":"publish","type":"post","link":"https:\/\/www.frankensicht.de\/?p=6623","title":{"rendered":"Europ\u00e4isches Schulobstprogramm wird aufgestockt"},"content":{"rendered":"<p><span style=\"color: #ff0000;\">Berlin -Br\u00fcssel :<\/span><\/p>\n<p>Die Europ\u00e4ische Union stellt in diesem Jahr mehr Geld f\u00fcr Schulobst zur Verf\u00fcgung. Insgesamt steigen die Mittel f\u00fcr das Schulobstprogramm von bisher j\u00e4hrlich 90 Millionen Euro auf 150 Millionen Euro. Bundesern\u00e4hrungsminister Dr. Hans-Peter Friedrich appellierte am Donnerstag in Berlin an die Bundesl\u00e4nder, diese Mittel mehr in Anspruch zu nehmen: &#8222;Der Einstieg in das Schulobstprogramm wird 2014 f\u00fcr die L\u00e4nder noch attraktiver. Hier haben wir in Br\u00fcssel erfolgreich verhandelt. Die Wertsch\u00e4tzung f\u00fcr frisches Obst und Gem\u00fcse und eine gesunde Ern\u00e4hrung beginnt in jungen Jahren. Die Weichen m\u00fcssen rechtzeitig gestellt werden.&#8220; Deutschland stehen f\u00fcr das kommende Schuljahr 2014\/15 voraussichtlich 19.707.576 Euro zur Verf\u00fcgung &#8211; statt wie bisher 12.333.000 Euro. Dar\u00fcber hinaus wird die Europ\u00e4ische Union demn\u00e4chst einen h\u00f6heren Beitrag zur Kofinanzierung leisten. Statt bisher 50 Prozent \u00fcbernimmt Br\u00fcssel 75 Prozent der Kofinanzierung, so dass der Eigenanteil der L\u00e4nder von 50 Prozent auf 25 Prozent sinkt. Damit die Mitgliedstaaten diese \u00c4nderungen schon f\u00fcr das kommende Schuljahr nutzen k\u00f6nnen, werden von Seiten der Europ\u00e4ischen Kommission die Fristen f\u00fcr die Einreichung der Strategien von Ende Januar 2014 auf Ende April 2014 verschoben. Das deutsche Schulobstgesetz muss entsprechend an die EU-Fristen angepasst werden.<\/p>\n<p><a href=\"https:\/\/www.frankensicht.de\/?attachment_id=1057\" rel=\"attachment wp-att-1057\"><img loading=\"lazy\" decoding=\"async\" class=\"alignnone size-medium wp-image-1057\" alt=\"apfel\" src=\"https:\/\/www.frankensicht.de\/wp-content\/uploads\/2012\/04\/apfel-300x225.jpg\" width=\"300\" height=\"225\" srcset=\"https:\/\/www.frankensicht.de\/wp-content\/uploads\/2012\/04\/apfel-300x225.jpg 300w, https:\/\/www.frankensicht.de\/wp-content\/uploads\/2012\/04\/apfel.jpg 640w\" sizes=\"auto, (max-width: 300px) 100vw, 300px\" \/><\/a><\/p>\n<p>Ein entsprechender Gesetzentwurf zur \u00c4nderung des Schulobstgesetzes wurde am<br \/>\n19. Dezember 2013 im Bundesrat beschlossen und wird im Bundestag eingebracht. Das Gesetz soll sp\u00e4testens im M\u00e4rz 2014 in Kraft treten. Damit w\u00e4re der Weg frei f\u00fcr die L\u00e4nder schon im Schuljahr 2014\/15 von den attraktiven Kofinanzierungss\u00e4tzen zu profitieren. F\u00fcr das Schuljahr 2014\/15 haben bisher acht L\u00e4nder ihre Teilnahme am EU-Schulobstprogramm bekundet.<\/p>\n<p>Das EU-Schulobst-Programm<br \/>\nObst und Gem\u00fcse sind ein bedeutender Bestandteil ausgewogener Ern\u00e4hrung, doch die meisten Kinder essen deutlich weniger davon als empfohlen. \u00dcber das EU-Schulobstprogramm bekommen \u00fcberwiegend Sch\u00fclerinnen und Sch\u00fcler der Grundschulen und auch in Kindertageseinrichtungen regelm\u00e4\u00dfig kostenlos eine Portion Obst und Gem\u00fcse. Durch die p\u00e4dagogische Begleitung des Programms lernen sie z.B. mit dem IN FORM Ern\u00e4hrungsf\u00fchrerschein gesundes Genie\u00dfen als Selbstverst\u00e4ndlichkeit in ihrem Alltag. Damit erwerben sie praktische Ern\u00e4hrungs- und Lebenskompetenz &#8211; das beste R\u00fcstzeug f\u00fcr einen gesunden Lebensstil. Die teilnehmenden Bundesl\u00e4nder betreiben das EU-Schulobstprogramm mit gro\u00dfem Erfolg, es ist bei Kindern, Lehrkr\u00e4ften und Eltern gleicherma\u00dfen beliebt.<br \/>\nQuelle:bmelv.bund.de<\/p>\n","protected":false},"excerpt":{"rendered":"<p>Berlin -Br\u00fcssel : Die Europ\u00e4ische Union stellt in diesem Jahr mehr Geld f\u00fcr Schulobst zur Verf\u00fcgung. Insgesamt steigen die Mittel f\u00fcr das Schulobstprogramm von bisher j\u00e4hrlich 90 Millionen Euro auf 150 Millionen Euro. Bundesern\u00e4hrungsminister Dr. Hans-Peter Friedrich appellierte am Donnerstag in Berlin an die Bundesl\u00e4nder, diese Mittel mehr in Anspruch zu nehmen: &#8222;Der Einstieg in [&hellip;]<\/p>\n","protected":false},"author":7,"featured_media":1057,"comment_status":"open","ping_status":"open","sticky":false,"template":"","format":"standard","meta":{"footnotes":""},"categories":[75,3],"tags":[1401],"class_list":["post-6623","post","type-post","status-publish","format-standard","has-post-thumbnail","hentry","category-europa-2","category-news","tag-schulobstprogramm"],"_links":{"self":[{"href":"https:\/\/www.frankensicht.de\/index.php?rest_route=\/wp\/v2\/posts\/6623","targetHints":{"allow":["GET"]}}],"collection":[{"href":"https:\/\/www.frankensicht.de\/index.php?rest_route=\/wp\/v2\/posts"}],"about":[{"href":"https:\/\/www.frankensicht.de\/index.php?rest_route=\/wp\/v2\/types\/post"}],"author":[{"embeddable":true,"href":"https:\/\/www.frankensicht.de\/index.php?rest_route=\/wp\/v2\/users\/7"}],"replies":[{"embeddable":true,"href":"https:\/\/www.frankensicht.de\/index.php?rest_route=%2Fwp%2Fv2%2Fcomments&post=6623"}],"version-history":[{"count":0,"href":"https:\/\/www.frankensicht.de\/index.php?rest_route=\/wp\/v2\/posts\/6623\/revisions"}],"wp:featuredmedia":[{"embeddable":true,"href":"https:\/\/www.frankensicht.de\/index.php?rest_route=\/wp\/v2\/media\/1057"}],"wp:attachment":[{"href":"https:\/\/www.frankensicht.de\/index.php?rest_route=%2Fwp%2Fv2%2Fmedia&parent=6623"}],"wp:term":[{"taxonomy":"category","embeddable":true,"href":"https:\/\/www.frankensicht.de\/index.php?rest_route=%2Fwp%2Fv2%2Fcategories&post=6623"},{"taxonomy":"post_tag","embeddable":true,"href":"https:\/\/www.frankensicht.de\/index.php?rest_route=%2Fwp%2Fv2%2Ftags&post=6623"}],"curies":[{"name":"wp","href":"https:\/\/api.w.org\/{rel}","templated":true}]}}