{"id":6598,"date":"2013-12-28T08:08:46","date_gmt":"2013-12-28T07:08:46","guid":{"rendered":"http:\/\/www.frankensicht.de\/?p=6598"},"modified":"2013-12-28T08:09:14","modified_gmt":"2013-12-28T07:09:14","slug":"wirtschaft-aigner-standort-bayern-in-der-internationalen-spitzenklasse","status":"publish","type":"post","link":"https:\/\/www.frankensicht.de\/?p=6598","title":{"rendered":"Wirtschaft : Aigner: \u201eStandort Bayern in der internationalen Spitzenklasse\u201c"},"content":{"rendered":"<p><span style=\"color: #ff0000;\">M\u00fcnchen:<\/span><\/p>\n<p>Wirtschaftsministerin Ilse Aigner zur internationalen Standortstudie der Vereinigung der Bayerischen Wirtschaft e.V.<\/p>\n<p><a href=\"https:\/\/www.frankensicht.de\/?attachment_id=1513\" rel=\"attachment wp-att-1513\"><img loading=\"lazy\" decoding=\"async\" class=\"alignnone size-medium wp-image-1513\" alt=\"statistik\" src=\"https:\/\/www.frankensicht.de\/wp-content\/uploads\/2012\/05\/statistik-300x223.jpg\" width=\"300\" height=\"223\" srcset=\"https:\/\/www.frankensicht.de\/wp-content\/uploads\/2012\/05\/statistik-300x223.jpg 300w, https:\/\/www.frankensicht.de\/wp-content\/uploads\/2012\/05\/statistik.jpeg 370w\" sizes=\"auto, (max-width: 300px) 100vw, 300px\" \/><\/a><\/p>\n<p>Bayerns Wirtschaftsministerin Ilse Aigner sieht in der aktuellen Vergleichsstudie zur Standortqualit\u00e4t des Freistaats R\u00fcckenwind f\u00fcr ihre wirtschaftspolitischen Leitlinien: &amp;bdquo;Bayerns Markenzeichen ist eine starke Industrie an einem starken Standort. Wir werden den Freistaat auf der Erfolgsspur halten, indem wir Investitionen, Innovationen und internationale Wettbewerbsf\u00e4higkeit in das Zentrum unserer Wirtschaftspolitik r\u00fccken. Unter anderem wollen wir den Freistaat zur Leitregion des digitalen Aufbruchs machen.&amp;ldquo; In der Studie sticht der Freistaat insbesondere durch eine sehr gut ausgebaute Infrastruktur und ein g\u00fcnstiges Umfeld f\u00fcr Innovationen hervor.<\/p>\n<p>Auch die Aussichten f\u00fcr das kommende Jahr seien daher g\u00fcnstig: &amp;bdquo;Unser Industriestandort entfaltet Dynamik auf Spitzenniveau. Das ist die Voraussetzung, um vom konjunkturellen Aufschwung 2014 besonders zu profitieren. Die Konjunktur auf wichtigen Absatzm\u00e4rkten unserer wettbewerbsstarken Exporteure zieht an, das Investitionsklima und die Einkommensperspektiven im Freistaat sind g\u00fcnstig. Deshalb ist ein Anstieg der realen Wirtschaftsleistung in Bayern um rund zwei Prozent im Jahresdurchschnitt 2014 realistisch&amp;ldquo;, erl\u00e4utert Aigner.<\/p>\n<p>Der Industriestandort Bayern belegt laut einer neuen Studie im Auftrag der Vereinigung der Bayerischen Wirtschaft unter 46 untersuchten L\u00e4ndern bei der Entwicklung der Standortqualit\u00e4t den neunten Platz. Damit ist Bayern zusammen mit Schweden das einzige hochentwickelte Land im Spitzenfeld.<\/p>\n<p>Quelle:stmwi.bayern.de<\/p>\n","protected":false},"excerpt":{"rendered":"<p>M\u00fcnchen: Wirtschaftsministerin Ilse Aigner zur internationalen Standortstudie der Vereinigung der Bayerischen Wirtschaft e.V. Bayerns Wirtschaftsministerin Ilse Aigner sieht in der aktuellen Vergleichsstudie zur Standortqualit\u00e4t des Freistaats R\u00fcckenwind f\u00fcr ihre wirtschaftspolitischen Leitlinien: &amp;bdquo;Bayerns Markenzeichen ist eine starke Industrie an einem starken Standort. Wir werden den Freistaat auf der Erfolgsspur halten, indem wir Investitionen, Innovationen und internationale [&hellip;]<\/p>\n","protected":false},"author":7,"featured_media":1513,"comment_status":"open","ping_status":"open","sticky":false,"template":"","format":"standard","meta":{"footnotes":""},"categories":[78,71],"tags":[527],"class_list":["post-6598","post","type-post","status-publish","format-standard","has-post-thumbnail","hentry","category-bayern","category-menue","tag-wirtschaft-bayern"],"_links":{"self":[{"href":"https:\/\/www.frankensicht.de\/index.php?rest_route=\/wp\/v2\/posts\/6598","targetHints":{"allow":["GET"]}}],"collection":[{"href":"https:\/\/www.frankensicht.de\/index.php?rest_route=\/wp\/v2\/posts"}],"about":[{"href":"https:\/\/www.frankensicht.de\/index.php?rest_route=\/wp\/v2\/types\/post"}],"author":[{"embeddable":true,"href":"https:\/\/www.frankensicht.de\/index.php?rest_route=\/wp\/v2\/users\/7"}],"replies":[{"embeddable":true,"href":"https:\/\/www.frankensicht.de\/index.php?rest_route=%2Fwp%2Fv2%2Fcomments&post=6598"}],"version-history":[{"count":0,"href":"https:\/\/www.frankensicht.de\/index.php?rest_route=\/wp\/v2\/posts\/6598\/revisions"}],"wp:featuredmedia":[{"embeddable":true,"href":"https:\/\/www.frankensicht.de\/index.php?rest_route=\/wp\/v2\/media\/1513"}],"wp:attachment":[{"href":"https:\/\/www.frankensicht.de\/index.php?rest_route=%2Fwp%2Fv2%2Fmedia&parent=6598"}],"wp:term":[{"taxonomy":"category","embeddable":true,"href":"https:\/\/www.frankensicht.de\/index.php?rest_route=%2Fwp%2Fv2%2Fcategories&post=6598"},{"taxonomy":"post_tag","embeddable":true,"href":"https:\/\/www.frankensicht.de\/index.php?rest_route=%2Fwp%2Fv2%2Ftags&post=6598"}],"curies":[{"name":"wp","href":"https:\/\/api.w.org\/{rel}","templated":true}]}}