{"id":6593,"date":"2013-12-25T08:49:08","date_gmt":"2013-12-25T07:49:08","guid":{"rendered":"http:\/\/www.frankensicht.de\/?p=6593"},"modified":"2013-12-25T08:49:08","modified_gmt":"2013-12-25T07:49:08","slug":"vogelschutzbericht-zeigt-ein-gemischtes-bild-von-deutschlands-vogelwelt","status":"publish","type":"post","link":"https:\/\/www.frankensicht.de\/?p=6593","title":{"rendered":"Vogelschutzbericht zeigt ein gemischtes Bild von Deutschlands Vogelwelt"},"content":{"rendered":"<p><a href=\"https:\/\/www.frankensicht.de\/?attachment_id=6596\" rel=\"attachment wp-att-6596\"><img loading=\"lazy\" decoding=\"async\" class=\"alignnone size-medium wp-image-6596\" alt=\"gans2\" src=\"https:\/\/www.frankensicht.de\/wp-content\/uploads\/2013\/12\/gans2-300x225.jpg\" width=\"300\" height=\"225\" srcset=\"https:\/\/www.frankensicht.de\/wp-content\/uploads\/2013\/12\/gans2-300x225.jpg 300w, https:\/\/www.frankensicht.de\/wp-content\/uploads\/2013\/12\/gans2.jpg 640w\" sizes=\"auto, (max-width: 300px) 100vw, 300px\" \/><\/a>Berlin:<\/p>\n<p>Einigen seltenen Vogelarten in Deutschland geht es besser \u2013 unter anderem<br \/>\ndem Seeadler, dem Schwarzstorch oder dem Kranich. Diese Arten stehen f\u00fcr<br \/>\nkonkrete Erfolge des Arten- und Naturschutzes in Deutschland. So der<br \/>\nBericht zur Umsetzung der europ\u00e4ischen Vogelschutzrichtlinie, den die<br \/>\nBundesregierung an die EU-Kommission \u00fcbermittelt hat.<\/p>\n<p>Der Bericht geht auf eine Verpflichtung aus der Vogelschutzrichtlinie der<br \/>\nEurop\u00e4ischen Union zur\u00fcck. Er umfasst Status und Trends von rund 360<br \/>\nVogelarten. Besonderes Augenmerk wird auf die Arten gerichtet, f\u00fcr die<br \/>\ndie Bundesl\u00e4nder Schutzgebiete eingerichtet haben. Neben den<br \/>\nErfolgsmeldungen zeigt der Bericht aber auch, dass es bei anderen Arten<br \/>\nwie dem Kampfl\u00e4ufer, der Uferschnepfe und dem Kiebitz noch gro\u00dfer<br \/>\nAnstrengungen bedarf, um vorhandene Negativtrends umzudrehen.<\/p>\n<p>Seit dem Jahr 2009 ist die Meldung von Vogelschutzgebieten in Deutschland<br \/>\nabgeschlossen und umfasst mit 740 Gebieten eine Fl\u00e4che von 6 Millionen<br \/>\nHektar. Der Bericht enth\u00e4lt auch Aussagen zur Gef\u00e4hrdung von solchen<br \/>\nArten, f\u00fcr die Vogelschutzgebiete ausgewiesen wurden. Bei den Brutv\u00f6geln<br \/>\nsind die bedeutendsten Gef\u00e4hrdungsursachen die Intensivierung der<br \/>\nLandwirtschaft, Entw\u00e4sserung von Mooren und Feuchtgebieten, die<br \/>\nDegradation von Offenlandfl\u00e4chen, der Einfluss von Sport- und<br \/>\nFreizeitaktivit\u00e4ten, sowie der Einfluss von Raubtieren, darunter auch<br \/>\ninvasiver Arten. Dagegen sind die Hauptgef\u00e4hrdungen bei den Seev\u00f6geln<br \/>\nvor allem Beeintr\u00e4chtigungen des marinen Bereiches wie Fischerei,<br \/>\nWasserverschmutzung, Schifffahrt und der Ausbau von Windenergienutzung.<\/p>\n<p>Grundlage des Berichts sind ehrenamtlich erhobene Daten, sowie<br \/>\nInformationen der L\u00e4nder und des Bundes. Die Daten wurden durch den Bund<br \/>\nzusammengefasst und zwischen den L\u00e4ndern und innerhalb der<br \/>\nBundesregierung abgestimmt. Die EU-Kommission wird nun auf Grundlage der<br \/>\nnationalen Berichte einen europaweiten Bericht \u00fcber den Zustand der<br \/>\neurop\u00e4ischen Vogelwelt erstellen.<br \/>\nQuelle: bundesinnenministerium.de<\/p>\n","protected":false},"excerpt":{"rendered":"<p>Berlin: Einigen seltenen Vogelarten in Deutschland geht es besser \u2013 unter anderem dem Seeadler, dem Schwarzstorch oder dem Kranich. Diese Arten stehen f\u00fcr konkrete Erfolge des Arten- und Naturschutzes in Deutschland. So der Bericht zur Umsetzung der europ\u00e4ischen Vogelschutzrichtlinie, den die Bundesregierung an die EU-Kommission \u00fcbermittelt hat. Der Bericht geht auf eine Verpflichtung aus der [&hellip;]<\/p>\n","protected":false},"author":7,"featured_media":6596,"comment_status":"open","ping_status":"open","sticky":false,"template":"","format":"standard","meta":{"footnotes":""},"categories":[44,3],"tags":[1284],"class_list":["post-6593","post","type-post","status-publish","format-standard","has-post-thumbnail","hentry","category-deutschland-2","category-news","tag-naturschutz"],"_links":{"self":[{"href":"https:\/\/www.frankensicht.de\/index.php?rest_route=\/wp\/v2\/posts\/6593","targetHints":{"allow":["GET"]}}],"collection":[{"href":"https:\/\/www.frankensicht.de\/index.php?rest_route=\/wp\/v2\/posts"}],"about":[{"href":"https:\/\/www.frankensicht.de\/index.php?rest_route=\/wp\/v2\/types\/post"}],"author":[{"embeddable":true,"href":"https:\/\/www.frankensicht.de\/index.php?rest_route=\/wp\/v2\/users\/7"}],"replies":[{"embeddable":true,"href":"https:\/\/www.frankensicht.de\/index.php?rest_route=%2Fwp%2Fv2%2Fcomments&post=6593"}],"version-history":[{"count":0,"href":"https:\/\/www.frankensicht.de\/index.php?rest_route=\/wp\/v2\/posts\/6593\/revisions"}],"wp:featuredmedia":[{"embeddable":true,"href":"https:\/\/www.frankensicht.de\/index.php?rest_route=\/wp\/v2\/media\/6596"}],"wp:attachment":[{"href":"https:\/\/www.frankensicht.de\/index.php?rest_route=%2Fwp%2Fv2%2Fmedia&parent=6593"}],"wp:term":[{"taxonomy":"category","embeddable":true,"href":"https:\/\/www.frankensicht.de\/index.php?rest_route=%2Fwp%2Fv2%2Fcategories&post=6593"},{"taxonomy":"post_tag","embeddable":true,"href":"https:\/\/www.frankensicht.de\/index.php?rest_route=%2Fwp%2Fv2%2Ftags&post=6593"}],"curies":[{"name":"wp","href":"https:\/\/api.w.org\/{rel}","templated":true}]}}