{"id":6483,"date":"2013-12-03T11:32:03","date_gmt":"2013-12-03T10:32:03","guid":{"rendered":"http:\/\/www.frankensicht.de\/?p=6483"},"modified":"2013-12-03T11:33:21","modified_gmt":"2013-12-03T10:33:21","slug":"in-form-initiative-gesund-ins-leben-stellt-empfehlungen-vor-zur-ernaehrung-und-bewegung-von-kleinkindern","status":"publish","type":"post","link":"https:\/\/www.frankensicht.de\/?p=6483","title":{"rendered":"IN FORM-Initiative \u201eGesund ins Leben\u201c stellt Empfehlungen vor zur Ern\u00e4hrung und Bewegung von Kleinkindern"},"content":{"rendered":"<p><span style=\"color: #ff0000;\">Berlin:<\/span><\/p>\n<p>Bei einem Kongress des bundesweiten Netzwerks \u201eGesund ins Leben\u201c hat Dr. Robert Kloos, Staatssekret\u00e4r im Bundesministerium f\u00fcr Ern\u00e4hrung, Landwirtschaft und Verbraucherschutz, am Dienstag in Berlin Empfehlungen zur Ern\u00e4hrung und Bewegung von Kleinkindern vorgestellt. \u201eMit den neuen Empfehlungen geben wir jungen Familien im Rahmen des Nationalen Aktionsplans IN FORM Sicherheit f\u00fcr den Alltag. Eltern erhalten unabh\u00e4ngige und fundierte Informationen und damit Orientierung\u201c, sagte Kloos.<\/p>\n<p><a href=\"https:\/\/www.frankensicht.de\/?attachment_id=1057\" rel=\"attachment wp-att-1057\"><img loading=\"lazy\" decoding=\"async\" class=\"alignnone size-medium wp-image-1057\" alt=\"apfel\" src=\"https:\/\/www.frankensicht.de\/wp-content\/uploads\/2012\/04\/apfel-300x225.jpg\" width=\"300\" height=\"225\" srcset=\"https:\/\/www.frankensicht.de\/wp-content\/uploads\/2012\/04\/apfel-300x225.jpg 300w, https:\/\/www.frankensicht.de\/wp-content\/uploads\/2012\/04\/apfel.jpg 640w\" sizes=\"auto, (max-width: 300px) 100vw, 300px\" \/><\/a><\/p>\n<p>Bei dem eint\u00e4gigen Kongress tauschen sich Experten des Netzwerks \u201eGesund ins Leben\u201c dar\u00fcber aus, was ein Kind zwischen ein und drei Jahren f\u00fcr eine gesunde Ern\u00e4hrung braucht, wie das allt\u00e4gliche Essen in den Familien unter Einbeziehung der Kleinsten stressfreier wird und wie Eltern den nat\u00fcrlichen Bewegungsdrang ihrer Kinder aktiv unterst\u00fctzen k\u00f6nnen. Im Mittelpunkt stehen dar\u00fcber hinaus Nahrungsmittelunvertr\u00e4glichkeiten, die von vielen Eltern \u2013 oftmals auch unbegr\u00fcndet \u2013 vermutet werden. Die neuen Empfehlungen sind nach Ratschl\u00e4gen zur Ern\u00e4hrung in der Schwangerschaft und zur Ern\u00e4hrung von S\u00e4uglingen bereits die dritten bundesweiten Standards des Netzwerks \u201eGesund ins Leben\u201c. Vertreter der f\u00fchrenden wissenschaftlichen Fachgesellschaften, Verb\u00e4nde und Institutionen in Deutschland sowie Experten aus \u00d6sterreich haben daran mitgewirkt. Die rund 150 Teilnehmer des Netzwerkkongresses nutzen die Gelegenheit, sich \u00fcber die neuen Empfehlungen zu informieren und an der Planung einer Verbreitung der Empfehlungen f\u00fcr Familien mitzuwirken.<br \/>\nHintergrundinformationen<br \/>\nDas Netzwerk \u201eGesund ins Leben\u201c vereint die f\u00fchrenden Institutionen, Fachgesellschaften und Verb\u00e4nde zur praxisnahen Unterst\u00fctzung junger Familien. Es ist ein Projekt des Nationalen Aktionsplans IN FORM \u2013 Deutschlands Initiative f\u00fcr gesunde Ern\u00e4hrung und mehr Bewegung der Bundesregierung und wird vom Bundesministerium f\u00fcr Ern\u00e4hrung, Landwirtschaft und Verbraucherschutz (BMELV) finanziell gef\u00f6rdert. Unterst\u00fctzt wird das Netzwerk von rund 400 Partnern. Alleine im Jahr 2013 wurden 1,2 Millionen Informationsmaterialien an Eltern verteilt. Fast 90 Prozent der Kinder\u00e4rzte kennen die Handlungsempfehlungen f\u00fcr das S\u00e4uglingsalter.<\/p>\n<p>&nbsp;<\/p>\n<p>Quelle:bmelv.bund.de<\/p>\n","protected":false},"excerpt":{"rendered":"<p>Berlin: Bei einem Kongress des bundesweiten Netzwerks \u201eGesund ins Leben\u201c hat Dr. Robert Kloos, Staatssekret\u00e4r im Bundesministerium f\u00fcr Ern\u00e4hrung, Landwirtschaft und Verbraucherschutz, am Dienstag in Berlin Empfehlungen zur Ern\u00e4hrung und Bewegung von Kleinkindern vorgestellt. \u201eMit den neuen Empfehlungen geben wir jungen Familien im Rahmen des Nationalen Aktionsplans IN FORM Sicherheit f\u00fcr den Alltag. Eltern erhalten [&hellip;]<\/p>\n","protected":false},"author":7,"featured_media":1057,"comment_status":"open","ping_status":"open","sticky":false,"template":"","format":"standard","meta":{"footnotes":""},"categories":[44,3],"tags":[1373],"class_list":["post-6483","post","type-post","status-publish","format-standard","has-post-thumbnail","hentry","category-deutschland-2","category-news","tag-gesund-leben"],"_links":{"self":[{"href":"https:\/\/www.frankensicht.de\/index.php?rest_route=\/wp\/v2\/posts\/6483","targetHints":{"allow":["GET"]}}],"collection":[{"href":"https:\/\/www.frankensicht.de\/index.php?rest_route=\/wp\/v2\/posts"}],"about":[{"href":"https:\/\/www.frankensicht.de\/index.php?rest_route=\/wp\/v2\/types\/post"}],"author":[{"embeddable":true,"href":"https:\/\/www.frankensicht.de\/index.php?rest_route=\/wp\/v2\/users\/7"}],"replies":[{"embeddable":true,"href":"https:\/\/www.frankensicht.de\/index.php?rest_route=%2Fwp%2Fv2%2Fcomments&post=6483"}],"version-history":[{"count":0,"href":"https:\/\/www.frankensicht.de\/index.php?rest_route=\/wp\/v2\/posts\/6483\/revisions"}],"wp:featuredmedia":[{"embeddable":true,"href":"https:\/\/www.frankensicht.de\/index.php?rest_route=\/wp\/v2\/media\/1057"}],"wp:attachment":[{"href":"https:\/\/www.frankensicht.de\/index.php?rest_route=%2Fwp%2Fv2%2Fmedia&parent=6483"}],"wp:term":[{"taxonomy":"category","embeddable":true,"href":"https:\/\/www.frankensicht.de\/index.php?rest_route=%2Fwp%2Fv2%2Fcategories&post=6483"},{"taxonomy":"post_tag","embeddable":true,"href":"https:\/\/www.frankensicht.de\/index.php?rest_route=%2Fwp%2Fv2%2Ftags&post=6483"}],"curies":[{"name":"wp","href":"https:\/\/api.w.org\/{rel}","templated":true}]}}