{"id":6466,"date":"2013-11-30T08:30:55","date_gmt":"2013-11-30T07:30:55","guid":{"rendered":"http:\/\/www.frankensicht.de\/?p=6466"},"modified":"2013-11-30T08:30:55","modified_gmt":"2013-11-30T07:30:55","slug":"saubere-stadt","status":"publish","type":"post","link":"https:\/\/www.frankensicht.de\/?p=6466","title":{"rendered":"&#8222;Saubere Stadt&#8230;&#8220;"},"content":{"rendered":"<p><span style=\"color: #ff0000;\">Erlangen<\/span><\/p>\n<p>&#8222;Saubere Stadt&#8230;&#8220;-Aktion: \u00dcber f\u00fcnf Tonnen M\u00fcll gesammelt<br \/>\nBei der 43. Aktion &#8222;Saubere Stadt &#8211; Sauberer Wald &#8211; Saubere Gew\u00e4sser&#8220; von Ende September bis Mitte Oktober wurden insgesamt 5.200 Kilogramm M\u00fcll im Stadtgebiet gesammelt. Dar\u00fcber informiert das st\u00e4dtische Amt f\u00fcr Umweltschutz und Energiefragen in einer Pressemitteilung. Unter der Regie der Dienststelle beteiligten sich \u00fcber 3.300 Sch\u00fclerinnen und Sch\u00fcler aus 28 Schulen der Hugenottenstadt sowie mehr als 600 freiwillige Helfer aus 40 Vereinen und Organisationen.<br \/>\nNeben zahlreichen verrosteten Fahrr\u00e4dern schleppte das freiwillige &#8222;Reinigungspersonal&#8220; auch 1.000 Kilo Metall und fast 800 kg Glas zu den Sammelpunkten. Positiv bemerkbar macht sich nach Ansicht des Umweltamts die Einf\u00fchrung des Dosenpfands vor zehn Jahren, die Menge der weggeworfenen Getr\u00e4nkedosen nahm rapide ab.<br \/>\nOberb\u00fcrgermeister Siegfried Balleis und Umweltreferentin Marlene W\u00fcstner dankten den vielen Helfern sowie der Firma Hofmann, die die Verwertung von Wertstoffen und Restm\u00fcll \u00fcbernahm. Die Erlanger Stadtwerke \u00fcberreichten an die Kinder und Jugendlichen Eintrittskarten f\u00fcr die B\u00e4der.<\/p>\n<p>Quelle:erlangen.de<\/p>\n<p><a href=\"https:\/\/www.frankensicht.de\/?attachment_id=6469\" rel=\"attachment wp-att-6469\"><img loading=\"lazy\" decoding=\"async\" class=\"alignnone size-medium wp-image-6469\" alt=\"k-DSCN5988\" src=\"https:\/\/www.frankensicht.de\/wp-content\/uploads\/2013\/11\/k-DSCN5988-300x225.jpg\" width=\"300\" height=\"225\" srcset=\"https:\/\/www.frankensicht.de\/wp-content\/uploads\/2013\/11\/k-DSCN5988-300x225.jpg 300w, https:\/\/www.frankensicht.de\/wp-content\/uploads\/2013\/11\/k-DSCN5988.jpg 640w\" sizes=\"auto, (max-width: 300px) 100vw, 300px\" \/><\/a><\/p>\n","protected":false},"excerpt":{"rendered":"<p>Erlangen &#8222;Saubere Stadt&#8230;&#8220;-Aktion: \u00dcber f\u00fcnf Tonnen M\u00fcll gesammelt Bei der 43. Aktion &#8222;Saubere Stadt &#8211; Sauberer Wald &#8211; Saubere Gew\u00e4sser&#8220; von Ende September bis Mitte Oktober wurden insgesamt 5.200 Kilogramm M\u00fcll im Stadtgebiet gesammelt. Dar\u00fcber informiert das st\u00e4dtische Amt f\u00fcr Umweltschutz und Energiefragen in einer Pressemitteilung. Unter der Regie der Dienststelle beteiligten sich \u00fcber 3.300 [&hellip;]<\/p>\n","protected":false},"author":7,"featured_media":6469,"comment_status":"open","ping_status":"open","sticky":false,"template":"","format":"standard","meta":{"footnotes":""},"categories":[111,71,85],"tags":[1371],"class_list":["post-6466","post","type-post","status-publish","format-standard","has-post-thumbnail","hentry","category-erlangen-mittelfranken","category-menue","category-mittelfranken","tag-saubere-stadt-erlangen"],"_links":{"self":[{"href":"https:\/\/www.frankensicht.de\/index.php?rest_route=\/wp\/v2\/posts\/6466","targetHints":{"allow":["GET"]}}],"collection":[{"href":"https:\/\/www.frankensicht.de\/index.php?rest_route=\/wp\/v2\/posts"}],"about":[{"href":"https:\/\/www.frankensicht.de\/index.php?rest_route=\/wp\/v2\/types\/post"}],"author":[{"embeddable":true,"href":"https:\/\/www.frankensicht.de\/index.php?rest_route=\/wp\/v2\/users\/7"}],"replies":[{"embeddable":true,"href":"https:\/\/www.frankensicht.de\/index.php?rest_route=%2Fwp%2Fv2%2Fcomments&post=6466"}],"version-history":[{"count":0,"href":"https:\/\/www.frankensicht.de\/index.php?rest_route=\/wp\/v2\/posts\/6466\/revisions"}],"wp:featuredmedia":[{"embeddable":true,"href":"https:\/\/www.frankensicht.de\/index.php?rest_route=\/wp\/v2\/media\/6469"}],"wp:attachment":[{"href":"https:\/\/www.frankensicht.de\/index.php?rest_route=%2Fwp%2Fv2%2Fmedia&parent=6466"}],"wp:term":[{"taxonomy":"category","embeddable":true,"href":"https:\/\/www.frankensicht.de\/index.php?rest_route=%2Fwp%2Fv2%2Fcategories&post=6466"},{"taxonomy":"post_tag","embeddable":true,"href":"https:\/\/www.frankensicht.de\/index.php?rest_route=%2Fwp%2Fv2%2Ftags&post=6466"}],"curies":[{"name":"wp","href":"https:\/\/api.w.org\/{rel}","templated":true}]}}