{"id":6463,"date":"2013-12-01T08:45:07","date_gmt":"2013-12-01T07:45:07","guid":{"rendered":"http:\/\/www.frankensicht.de\/?p=6463"},"modified":"2013-12-01T08:45:07","modified_gmt":"2013-12-01T07:45:07","slug":"umwelt-und-verbrauchertipps-rund-um-den-advent","status":"publish","type":"post","link":"https:\/\/www.frankensicht.de\/?p=6463","title":{"rendered":"Umwelt- und Verbrauchertipps rund um den Advent"},"content":{"rendered":"<p><span style=\"color: #ff0000;\">M\u00fcnchen:<\/span><\/p>\n<p>Huber: Weihnachtszeit genie\u00dfen &#8211; der Umwelt Gutes tun Umwelt- und Verbrauchertipps rund um den Advent<\/p>\n<p>Auch in der Weihnachtszeit kann jeder Verbraucher einen Beitrag zum Umweltschutz leisten und dabei sogar bares Geld sparen. Das gilt insbesondere f\u00fcr Elektroger\u00e4te: Bei diesen beliebten Geschenken kann sich bei der Anschaffung ein gezielter Blick auf den Stromverbrauch lohnen. Der Bayerische Umwelt- und Verbraucherschutzminister Dr. Marcel Huber betonte zu Beginn der Adventszeit: &#8222;Energieeffizienzklassen bieten dem Verbraucher eine gute Orientierung, sparsame Ger\u00e4te zu erkennen. Wichtig ist auch, unn\u00f6tigen Stand-by-Verbrauch zu vermeiden. Ein 4-Personen-Haushalt kann bereits mit kleinen Ma\u00dfnahmen seinen Stromverbrauch um bis zu 30 Prozent reduzieren und damit \u00fcber 200 Euro im Jahr sparen. Energiesparen schont nicht nur das Klima, sondern auch den Geldbeutel.&#8220; Auch Lichterketten mit herk\u00f6mmlichen Gl\u00fchlampen k\u00f6nnen wahre Stromfresser sein. Rund 90 Prozent Strom und Kosten k\u00f6nnen hier eingespart werden. Beim Kauf einer neuen Lichterkette ist daher eine LED-Beleuchtung zu empfehlen.<br \/>\n<a href=\"https:\/\/www.frankensicht.de\/?attachment_id=6464\" rel=\"attachment wp-att-6464\"><img loading=\"lazy\" decoding=\"async\" class=\"alignnone size-medium wp-image-6464\" alt=\"muelleimer\" src=\"https:\/\/www.frankensicht.de\/wp-content\/uploads\/2013\/11\/muelleimer-300x225.jpg\" width=\"300\" height=\"225\" srcset=\"https:\/\/www.frankensicht.de\/wp-content\/uploads\/2013\/11\/muelleimer-300x225.jpg 300w, https:\/\/www.frankensicht.de\/wp-content\/uploads\/2013\/11\/muelleimer.jpg 640w\" sizes=\"auto, (max-width: 300px) 100vw, 300px\" \/><\/a><br \/>\nWer zu den Feierlichkeiten einen Weihnachtsbaum aufstellt, kann auch dabei den Schutz der Umwelt ber\u00fccksichtigen. So sollte beim Kauf eines Baums auf die regionale Herkunft geachtet werden, um lange und energieintensive Transportwege zu vermeiden. Weihnachtsb\u00e4ume k\u00f6nnen bei vielen Waldbesitzern oder Forst\u00e4mtern direkt vor Ort geschlagen werden. Nach den Feiertagen kann der Weihnachtsbaum im eigenen Garten genutzt werden. Er l\u00e4sst sich kompostieren und mit den Zweigen k\u00f6nnen andere Pflanzen abgedeckt und vor Frost gesch\u00fctzt werden. Die Entsorgung der B\u00e4ume erfolgt ansonsten vielerorts \u00fcber zentrale kommunale Sammlungen. Die eingesammelten B\u00e4ume werden dabei als Bioabfall verwertet oder in Biomasse-Heizkraftwerken verbrannt, um Energie und W\u00e4rme zu erzeugen.<\/p>\n<p>Quelle:stmug.bayern.de<\/p>\n","protected":false},"excerpt":{"rendered":"<p>M\u00fcnchen: Huber: Weihnachtszeit genie\u00dfen &#8211; der Umwelt Gutes tun Umwelt- und Verbrauchertipps rund um den Advent Auch in der Weihnachtszeit kann jeder Verbraucher einen Beitrag zum Umweltschutz leisten und dabei sogar bares Geld sparen. Das gilt insbesondere f\u00fcr Elektroger\u00e4te: Bei diesen beliebten Geschenken kann sich bei der Anschaffung ein gezielter Blick auf den Stromverbrauch lohnen. [&hellip;]<\/p>\n","protected":false},"author":7,"featured_media":6464,"comment_status":"open","ping_status":"open","sticky":false,"template":"","format":"standard","meta":{"footnotes":""},"categories":[78],"tags":[1295],"class_list":["post-6463","post","type-post","status-publish","format-standard","has-post-thumbnail","hentry","category-bayern","tag-umweltschutz"],"_links":{"self":[{"href":"https:\/\/www.frankensicht.de\/index.php?rest_route=\/wp\/v2\/posts\/6463","targetHints":{"allow":["GET"]}}],"collection":[{"href":"https:\/\/www.frankensicht.de\/index.php?rest_route=\/wp\/v2\/posts"}],"about":[{"href":"https:\/\/www.frankensicht.de\/index.php?rest_route=\/wp\/v2\/types\/post"}],"author":[{"embeddable":true,"href":"https:\/\/www.frankensicht.de\/index.php?rest_route=\/wp\/v2\/users\/7"}],"replies":[{"embeddable":true,"href":"https:\/\/www.frankensicht.de\/index.php?rest_route=%2Fwp%2Fv2%2Fcomments&post=6463"}],"version-history":[{"count":0,"href":"https:\/\/www.frankensicht.de\/index.php?rest_route=\/wp\/v2\/posts\/6463\/revisions"}],"wp:featuredmedia":[{"embeddable":true,"href":"https:\/\/www.frankensicht.de\/index.php?rest_route=\/wp\/v2\/media\/6464"}],"wp:attachment":[{"href":"https:\/\/www.frankensicht.de\/index.php?rest_route=%2Fwp%2Fv2%2Fmedia&parent=6463"}],"wp:term":[{"taxonomy":"category","embeddable":true,"href":"https:\/\/www.frankensicht.de\/index.php?rest_route=%2Fwp%2Fv2%2Fcategories&post=6463"},{"taxonomy":"post_tag","embeddable":true,"href":"https:\/\/www.frankensicht.de\/index.php?rest_route=%2Fwp%2Fv2%2Ftags&post=6463"}],"curies":[{"name":"wp","href":"https:\/\/api.w.org\/{rel}","templated":true}]}}