{"id":6460,"date":"2013-11-28T12:26:36","date_gmt":"2013-11-28T11:26:36","guid":{"rendered":"http:\/\/www.frankensicht.de\/?p=6460"},"modified":"2013-11-30T08:31:10","modified_gmt":"2013-11-30T07:31:10","slug":"individualization-teilhabe-durch-kreativitaet","status":"publish","type":"post","link":"https:\/\/www.frankensicht.de\/?p=6460","title":{"rendered":"Individualization Teilhabe durch Kreativit\u00e4t"},"content":{"rendered":"<p><span style=\"color: #ff0000;\">Berlin:<\/span><\/p>\n<p>Staatssekret\u00e4r Stroppe gratuliert<br \/>\nder Bundesvereinigung Kulturelle Kinder- und Jugendbildung zum 50. Jubil\u00e4um<\/p>\n<p>&#8222;Kulturelle Bildung st\u00e4rkt Kinder und Jugendliche in der Entwicklung ihrer<br \/>\nPers\u00f6nlichkeit und der selbstbestimmten Gestaltung ihres Lebens. Sie ermutigt<br \/>\njunge Menschen zur gesellschaftlichen Partizipation&#8220;, sagte der Staatssekret\u00e4r im<br \/>\nBundesministerium f\u00fcr Familie, Senioren, Frauen und Jugend, Lutz Stroppe, heute<br \/>\n(Donnerstag) anl\u00e4sslich des 50-j\u00e4hrigen Bestehens der Bundesvereinigung<br \/>\nKulturelle Kinder- und Jugendbildung (BKJ) in Berlin. &#8222;Die Bundesvereinigung<br \/>\nKulturelle Kinder- und Jugendbildung tr\u00e4gt ma\u00dfgeblich dazu bei, Kinder- und<br \/>\nJugendpolitik in Deutschland zu gestalten, etwa durch den Aufbau nachhaltiger<br \/>\nKooperationen zwischen Schule und au\u00dferschulischer Bildungs- und Jugendarbeit.<br \/>\nDazu gratuliere ich herzlich und w\u00fcnsche der Bundesvereinigung auch f\u00fcr die<br \/>\nZukunft eine erfolgreiche Arbeit.&#8220;<\/p>\n<p><a href=\"https:\/\/www.frankensicht.de\/?attachment_id=5657\" rel=\"attachment wp-att-5657\"><img loading=\"lazy\" decoding=\"async\" class=\"alignnone size-medium wp-image-5657\" alt=\"P1000968\" src=\"https:\/\/www.frankensicht.de\/wp-content\/uploads\/2013\/05\/P1000968-300x225.jpg\" width=\"300\" height=\"225\" srcset=\"https:\/\/www.frankensicht.de\/wp-content\/uploads\/2013\/05\/P1000968-300x225.jpg 300w, https:\/\/www.frankensicht.de\/wp-content\/uploads\/2013\/05\/P1000968.jpg 640w\" sizes=\"auto, (max-width: 300px) 100vw, 300px\" \/><\/a><\/p>\n<p>Das Bundesministerium f\u00fcr Familie, Senioren, Frauen und Jugend f\u00f6rdert \u00fcber den<br \/>\nKinder- und Jugendplan dauerhaft rund 30 Fachorganisationen der Kulturellen<br \/>\nKinder- und Jugendbildung mit j\u00e4hrlich fast neun Millionen Euro, darunter das<br \/>\nBundesjugendorchester und Bundesjazzorchester beim Deutschen Musikrat und die<br \/>\nDeutsche Streicherphilharmonie des Verbandes deutscher Musikschulen. Gemeinsam<br \/>\nmit der BKJ zeichnet das Ministerium seit 2005 erfolgreiche Kooperationsprojekte<br \/>\nzwischen Tr\u00e4gern der Kulturellen Bildung und Schulen mit dem MIXED UP-Kulturpreis<br \/>\naus. Dar\u00fcber hinaus f\u00f6rdert das Bundesfamilienministerium bundeszentrale<br \/>\nWettbewerbe wie &#8222;Jugend musiziert&#8220;, den &#8222;Deutschen Jugendvideopreis&#8220;, den<br \/>\n&#8222;Deutschen Jugendfotopreis&#8220;, den &#8222;Deutschen Kindertheaterpreis&#8220; und den<br \/>\n&#8222;Deutschen Jugendtheaterpreis&#8220;.<\/p>\n<p>Die BKJ ist der Dachverband f\u00fcr 55 bundesweit agierende schulische und<br \/>\nau\u00dferschulische Institutionen, Fachverb\u00e4nde und Landesdachorganisationen und<br \/>\ndamit bundeszentraler Fachpartner des Bundesfamilienministeriums. Die<br \/>\nBundesvereinigung bietet Beratung in fachlichen und konzeptionellen Fragen sowie<br \/>\nein Forum f\u00fcr Vernetzung, Dialog, Informations- und Erfahrungsaustausch f\u00fcr<br \/>\nAkteure aus Jugend, Politik, Wissenschaft, Kultur und Bildung.<\/p>\n<p>Quelle: bmbfsf.bund.de<\/p>\n","protected":false},"excerpt":{"rendered":"<p>Berlin: Staatssekret\u00e4r Stroppe gratuliert der Bundesvereinigung Kulturelle Kinder- und Jugendbildung zum 50. Jubil\u00e4um &#8222;Kulturelle Bildung st\u00e4rkt Kinder und Jugendliche in der Entwicklung ihrer Pers\u00f6nlichkeit und der selbstbestimmten Gestaltung ihres Lebens. Sie ermutigt junge Menschen zur gesellschaftlichen Partizipation&#8220;, sagte der Staatssekret\u00e4r im Bundesministerium f\u00fcr Familie, Senioren, Frauen und Jugend, Lutz Stroppe, heute (Donnerstag) anl\u00e4sslich des 50-j\u00e4hrigen [&hellip;]<\/p>\n","protected":false},"author":7,"featured_media":5657,"comment_status":"open","ping_status":"open","sticky":false,"template":"","format":"standard","meta":{"footnotes":""},"categories":[44,3],"tags":[1370],"class_list":["post-6460","post","type-post","status-publish","format-standard","has-post-thumbnail","hentry","category-deutschland-2","category-news","tag-kulturelle-bildung"],"_links":{"self":[{"href":"https:\/\/www.frankensicht.de\/index.php?rest_route=\/wp\/v2\/posts\/6460","targetHints":{"allow":["GET"]}}],"collection":[{"href":"https:\/\/www.frankensicht.de\/index.php?rest_route=\/wp\/v2\/posts"}],"about":[{"href":"https:\/\/www.frankensicht.de\/index.php?rest_route=\/wp\/v2\/types\/post"}],"author":[{"embeddable":true,"href":"https:\/\/www.frankensicht.de\/index.php?rest_route=\/wp\/v2\/users\/7"}],"replies":[{"embeddable":true,"href":"https:\/\/www.frankensicht.de\/index.php?rest_route=%2Fwp%2Fv2%2Fcomments&post=6460"}],"version-history":[{"count":0,"href":"https:\/\/www.frankensicht.de\/index.php?rest_route=\/wp\/v2\/posts\/6460\/revisions"}],"wp:featuredmedia":[{"embeddable":true,"href":"https:\/\/www.frankensicht.de\/index.php?rest_route=\/wp\/v2\/media\/5657"}],"wp:attachment":[{"href":"https:\/\/www.frankensicht.de\/index.php?rest_route=%2Fwp%2Fv2%2Fmedia&parent=6460"}],"wp:term":[{"taxonomy":"category","embeddable":true,"href":"https:\/\/www.frankensicht.de\/index.php?rest_route=%2Fwp%2Fv2%2Fcategories&post=6460"},{"taxonomy":"post_tag","embeddable":true,"href":"https:\/\/www.frankensicht.de\/index.php?rest_route=%2Fwp%2Fv2%2Ftags&post=6460"}],"curies":[{"name":"wp","href":"https:\/\/api.w.org\/{rel}","templated":true}]}}