{"id":6431,"date":"2013-11-23T08:03:56","date_gmt":"2013-11-23T07:03:56","guid":{"rendered":"http:\/\/www.frankensicht.de\/?p=6431"},"modified":"2013-11-23T08:03:56","modified_gmt":"2013-11-23T07:03:56","slug":"10-euro-gedenkmuenze-300-jahre-fahrenheit-skala","status":"publish","type":"post","link":"https:\/\/www.frankensicht.de\/?p=6431","title":{"rendered":"10 Euro-Gedenkm\u00fcnze \u201e300 Jahre Fahrenheit-Skala\u201c"},"content":{"rendered":"<p><span style=\"color: #ff0000;\">Berlin:<\/span><\/p>\n<p>Die Bundesregierung hat am 20. November 2013 beschlossen, eine 10-Euro-Gedenkm\u00fcnze \u201e300 Jahre Fahrenheit-Skala\u201c pr\u00e4gen zu lassen und im November 2014 auszugeben. Diese M\u00fcnze erinnert an die durch den Pionier der exakten Thermometer, D.G. Fahrenheit (deutscher Physiker, 1686 &#8211; 1736), im Jahr 1714 definierte Skala, einen Meilenstein der Messtechnik.<br \/>\n<a href=\"https:\/\/www.frankensicht.de\/?attachment_id=6432\" rel=\"attachment wp-att-6432\"><img loading=\"lazy\" decoding=\"async\" class=\"alignnone size-medium wp-image-6432\" alt=\"2013-11-20-Silbermuenze-Fahrenheit-Skala\" src=\"https:\/\/www.frankensicht.de\/wp-content\/uploads\/2013\/11\/2013-11-20-Silbermuenze-Fahrenheit-Skala-300x149.jpg\" width=\"300\" height=\"149\" srcset=\"https:\/\/www.frankensicht.de\/wp-content\/uploads\/2013\/11\/2013-11-20-Silbermuenze-Fahrenheit-Skala-300x149.jpg 300w, https:\/\/www.frankensicht.de\/wp-content\/uploads\/2013\/11\/2013-11-20-Silbermuenze-Fahrenheit-Skala.jpg 620w\" sizes=\"auto, (max-width: 300px) 100vw, 300px\" \/><\/a><\/p>\n<p>@ bundesfinanzministerium.de<\/p>\n<p>Dazu erkl\u00e4rt das Bundesministerium der Finanzen:<\/p>\n<p>Der Entwurf stammt von dem K\u00fcnstler Victor Huster aus Baden-Baden.<\/p>\n<p>In der Begr\u00fcndung der Jury f\u00fcr die Entscheidung hei\u00dft es:<\/p>\n<p>\u201eDer Entwurf greift in \u00fcberzeugender Weise sowohl inhaltlich als auch gestalterisch das Thema des Jubil\u00e4ums auf und zeichnet sich dar\u00fcber hinaus durch eine wissenschaftshistorische Einordnung der Fahrenheit-Skala in die chronologische Abfolge der thermometrischen Skalen des 18. und 19. Jh. aus. Dies gelingt gestalterisch durch eine Komposition von Darstellungen eines Fahrenheit-Thermometers im Kontext anderer abstrahiert dargestellter Temperaturskalen. Die Jury zeigte sich beeindruckt davon, wie es der K\u00fcnstler verstanden hat, das wissenschaftliche Thema in seinen Facetten verst\u00e4ndlich auf dem Rund einer M\u00fcnze ins Bild zu setzen.<\/p>\n<p>Der K\u00fcnstler arbeitet geschickt mit einem exzentrischen Schwerpunkt auf Bild- und Wertseite. Diese Schwerpunktbildung verst\u00e4rkt \u00fcber den Einsatz typografischer und figurativer Elemente hinaus das harmonische Zusammenspiel von Bild- und Wertseite. Die Typografie unterstreicht die inhaltliche Ausarbeitung des Themas. Der Adler erg\u00e4nzt den Entwurf in gelungener Darstellung auf w\u00fcrdige Weise.\u201c<\/p>\n<p>Die Bildseite zeigt die Darstellung eines Fahrenheit-Thermometers im Kontext anderer abstrahiert dargestellter Temperaturskalen.<\/p>\n<p>Die Wertseite zeigt einen Adler, den Schriftzug \u201eBUNDESREPUBLIK DEUTSCHLAND\u201c, Wertziffer und Wertbezeichnung, das Pr\u00e4gezeichen \u201eJ\u201c der Hamburgischen M\u00fcnze, die Jahreszahl 2014 sowie die zw\u00f6lf Europasterne.<\/p>\n<p>Der glatte M\u00fcnzrand enth\u00e4lt in vertiefter Pr\u00e4gung die Inschrift:<\/p>\n<p>\u201eEIN MEILENSTEIN DER MESSTECHNIK\u201c.<\/p>\n<p>Die Gedenkm\u00fcnze soll in zwei Pr\u00e4gequalit\u00e4ten und Legierungen gepr\u00e4gt werden:<\/p>\n<p>In Stempelglanzqualit\u00e4t aus einer Kupfer-Nickel-Legierung (CuNi25) mit einem Gewicht von 14 Gramm sowie in der h\u00f6herwertigen Spiegelglanzqualit\u00e4t aus einer Legierung von 625 Tausendteilen Silber und 375 Tausendteilen Kupfer mit einem Gewicht von 16 Gramm. Die M\u00fcnze in Spiegelglanzqualit\u00e4t ist durch die Aufpr\u00e4gung \u201eSILBER 625\u201c besonders gekennzeichnet.<\/p>\n<p>Es ist vorgesehen, die Gedenkm\u00fcnze in der Hamburgischen M\u00fcnze (J) pr\u00e4gen zu lassen und sie im November 2014 auszugeben.<\/p>\n<p>Quelle:bundesfinanzministerium.de<\/p>\n","protected":false},"excerpt":{"rendered":"<p>Berlin: Die Bundesregierung hat am 20. November 2013 beschlossen, eine 10-Euro-Gedenkm\u00fcnze \u201e300 Jahre Fahrenheit-Skala\u201c pr\u00e4gen zu lassen und im November 2014 auszugeben. Diese M\u00fcnze erinnert an die durch den Pionier der exakten Thermometer, D.G. Fahrenheit (deutscher Physiker, 1686 &#8211; 1736), im Jahr 1714 definierte Skala, einen Meilenstein der Messtechnik. @ bundesfinanzministerium.de Dazu erkl\u00e4rt das Bundesministerium [&hellip;]<\/p>\n","protected":false},"author":7,"featured_media":6432,"comment_status":"open","ping_status":"open","sticky":false,"template":"","format":"standard","meta":{"footnotes":""},"categories":[44,3],"tags":[1362],"class_list":["post-6431","post","type-post","status-publish","format-standard","has-post-thumbnail","hentry","category-deutschland-2","category-news","tag-300-jahre-fahrenheit-skala"],"_links":{"self":[{"href":"https:\/\/www.frankensicht.de\/index.php?rest_route=\/wp\/v2\/posts\/6431","targetHints":{"allow":["GET"]}}],"collection":[{"href":"https:\/\/www.frankensicht.de\/index.php?rest_route=\/wp\/v2\/posts"}],"about":[{"href":"https:\/\/www.frankensicht.de\/index.php?rest_route=\/wp\/v2\/types\/post"}],"author":[{"embeddable":true,"href":"https:\/\/www.frankensicht.de\/index.php?rest_route=\/wp\/v2\/users\/7"}],"replies":[{"embeddable":true,"href":"https:\/\/www.frankensicht.de\/index.php?rest_route=%2Fwp%2Fv2%2Fcomments&post=6431"}],"version-history":[{"count":0,"href":"https:\/\/www.frankensicht.de\/index.php?rest_route=\/wp\/v2\/posts\/6431\/revisions"}],"wp:featuredmedia":[{"embeddable":true,"href":"https:\/\/www.frankensicht.de\/index.php?rest_route=\/wp\/v2\/media\/6432"}],"wp:attachment":[{"href":"https:\/\/www.frankensicht.de\/index.php?rest_route=%2Fwp%2Fv2%2Fmedia&parent=6431"}],"wp:term":[{"taxonomy":"category","embeddable":true,"href":"https:\/\/www.frankensicht.de\/index.php?rest_route=%2Fwp%2Fv2%2Fcategories&post=6431"},{"taxonomy":"post_tag","embeddable":true,"href":"https:\/\/www.frankensicht.de\/index.php?rest_route=%2Fwp%2Fv2%2Ftags&post=6431"}],"curies":[{"name":"wp","href":"https:\/\/api.w.org\/{rel}","templated":true}]}}