{"id":6428,"date":"2013-11-21T08:15:52","date_gmt":"2013-11-21T07:15:52","guid":{"rendered":"http:\/\/www.frankensicht.de\/?p=6428"},"modified":"2013-11-21T08:15:52","modified_gmt":"2013-11-21T07:15:52","slug":"ostdeutschland-muss-weiter-im-politischen-fokus-bleiben","status":"publish","type":"post","link":"https:\/\/www.frankensicht.de\/?p=6428","title":{"rendered":"Ostdeutschland muss weiter im politischen Fokus bleiben"},"content":{"rendered":"<p><span style=\"color: #ff0000;\">Berlin:<\/span><\/p>\n<p>Die Bundesregierung hat heute im Kabinett den Jahresbericht zum Stand der Deutschen Einheit 2013 beschlossen.<\/p>\n<p>Im Bericht f\u00fcr den Deutschen Bundestag werden die weiteren Fortschritte bei der Herstellung gleichwertiger Lebensverh\u00e4ltnisse dargestellt. Im Blickfeld stehen in diesem Jahr neben \u00f6konomischen andere wohlstandsrelevante Aspekte wie Verteilungsfragen, Bildung, demokratische Teilhabe, Natur und Kultur.<\/p>\n<p><a href=\"https:\/\/www.frankensicht.de\/?attachment_id=6177\" rel=\"attachment wp-att-6177\"><img loading=\"lazy\" decoding=\"async\" class=\"alignnone size-medium wp-image-6177\" alt=\"spende6\" src=\"https:\/\/www.frankensicht.de\/wp-content\/uploads\/2013\/09\/spende6-300x241.jpg\" width=\"300\" height=\"241\" \/><\/a><\/p>\n<p>Bundesinnenminister Dr. Hans-Peter Friedrich begr\u00fc\u00dft die positive Entwicklung in den neuen Bundesl\u00e4ndern: \u201eWir k\u00f6nnen feststellen, dass sich der materielle Wohlstand in den vergangenen Jahren in den neuen L\u00e4ndern weiter deutlich verbessert hat. Dies ist ein Ergebnis des voranschreitenden wirtschaftlichen Angleichungsprozesses.\u201c Hierzu verwies der Minister auf die Zuw\u00e4chse beim Bruttoinlandsprodukt pro Einwohner und bei den verf\u00fcgbaren Einkommen sowie auf die niedrigste Arbeitslosenquote seit gut zwanzig Jahren.<\/p>\n<p>Zugleich machte er deutlich, dass die Zielsetzung der Schaffung gleichwertiger Lebensverh\u00e4ltnisse innerhalb Deutschlands mehr umfasse als eine Angleichung des materiellen Wohlstands: \u201eEntscheidend ist, das Entwicklungspotenzial jeder Region gezielt zu f\u00f6rdern\u201c, so der Bundesinnenminister. &#8222;&#8220;Die neuen L\u00e4nder haben zum Beispiel ein reiches Natur- und Kulturkapital zu bieten, das f\u00fcr die touristische Entwicklung relevant ist. Sie sind allerdings besonders betroffen vom demografischen Wandel und m\u00fcssen neue Konzepte im Bereich der Daseinsvorsorge entwickeln, die ein lebenswertes Umfeld sicherstellen. Von diesen Erfahrungen k\u00f6nnen andere Regionen in Deutschland lernen.&#8220;&#8220;<\/p>\n<p>Der Beauftragte der Bundesregierung f\u00fcr die Neuen Bundesl\u00e4nder Dr. Christoph Bergner erg\u00e4nzt, dass der \u201eAufbau Ost\u201c nicht als beendet bezeichnet werden k\u00f6nne: &#8222;&#8220;Wir m\u00fcssen zur Kenntnis nehmen, dass die neuen L\u00e4nder noch nicht in allen Bereichen zu den westdeutschen L\u00e4ndern aufschlie\u00dfen konnten&#8220;&#8220;, so Dr. Bergner. &#8222;&#8220;Die L\u00f6hne und Geh\u00e4lter liegen immer noch bei etwa 80 Prozent der westdeutschen Geh\u00e4lter. Die Arbeitslosenquote betrug 2012 zwar 10,7 Prozent, ist aber fast doppelt so hoch wie in den alten Bundesl\u00e4ndern. Der wirtschaftliche Angleichungsprozess braucht einfach Zeit.&#8220;&#8220;<\/p>\n<p>Der Jahresbericht benennt eine weitere St\u00e4rkung der Wachstumsdynamik, Innovationskraft und Internationalisierung der Wirtschaft als klare Handlungsschwerpunkte. Er thematisiert auch eine Reihe anderer Aspekte, die die Lebenswirklichkeit der Menschen positiv beeinflussen k\u00f6nnen und denen Rechnung getragen werden muss. Betont wird das Erfordernis der weiteren Aufarbeitung des SED-Unrechts, um einer Verharmlosung und Verkl\u00e4rung der SED-Diktatur entgegen zu wirken. Fazit des Ostbeauftragten ist deshalb: &#8222;&#8220;Ostdeutschland muss auch weiterhin im politischen Fokus bleiben.&#8220;<\/p>\n<p>Quelle:bva.bund.de<\/p>\n","protected":false},"excerpt":{"rendered":"<p>Berlin: Die Bundesregierung hat heute im Kabinett den Jahresbericht zum Stand der Deutschen Einheit 2013 beschlossen. Im Bericht f\u00fcr den Deutschen Bundestag werden die weiteren Fortschritte bei der Herstellung gleichwertiger Lebensverh\u00e4ltnisse dargestellt. Im Blickfeld stehen in diesem Jahr neben \u00f6konomischen andere wohlstandsrelevante Aspekte wie Verteilungsfragen, Bildung, demokratische Teilhabe, Natur und Kultur. Bundesinnenminister Dr. Hans-Peter Friedrich [&hellip;]<\/p>\n","protected":false},"author":7,"featured_media":0,"comment_status":"open","ping_status":"open","sticky":false,"template":"","format":"standard","meta":{"footnotes":""},"categories":[44,3],"tags":[1361,1360],"class_list":["post-6428","post","type-post","status-publish","format-standard","hentry","category-deutschland-2","category-news","tag-dunkeldeutschland","tag-ostdeutschland"],"_links":{"self":[{"href":"https:\/\/www.frankensicht.de\/index.php?rest_route=\/wp\/v2\/posts\/6428","targetHints":{"allow":["GET"]}}],"collection":[{"href":"https:\/\/www.frankensicht.de\/index.php?rest_route=\/wp\/v2\/posts"}],"about":[{"href":"https:\/\/www.frankensicht.de\/index.php?rest_route=\/wp\/v2\/types\/post"}],"author":[{"embeddable":true,"href":"https:\/\/www.frankensicht.de\/index.php?rest_route=\/wp\/v2\/users\/7"}],"replies":[{"embeddable":true,"href":"https:\/\/www.frankensicht.de\/index.php?rest_route=%2Fwp%2Fv2%2Fcomments&post=6428"}],"version-history":[{"count":0,"href":"https:\/\/www.frankensicht.de\/index.php?rest_route=\/wp\/v2\/posts\/6428\/revisions"}],"wp:attachment":[{"href":"https:\/\/www.frankensicht.de\/index.php?rest_route=%2Fwp%2Fv2%2Fmedia&parent=6428"}],"wp:term":[{"taxonomy":"category","embeddable":true,"href":"https:\/\/www.frankensicht.de\/index.php?rest_route=%2Fwp%2Fv2%2Fcategories&post=6428"},{"taxonomy":"post_tag","embeddable":true,"href":"https:\/\/www.frankensicht.de\/index.php?rest_route=%2Fwp%2Fv2%2Ftags&post=6428"}],"curies":[{"name":"wp","href":"https:\/\/api.w.org\/{rel}","templated":true}]}}