{"id":6406,"date":"2013-11-15T07:54:48","date_gmt":"2013-11-15T06:54:48","guid":{"rendered":"http:\/\/www.frankensicht.de\/?p=6406"},"modified":"2013-11-15T07:54:48","modified_gmt":"2013-11-15T06:54:48","slug":"bayerns-wirtshaeuser-sind-ein-starkes-stueck-kultur-und-lebensqualitaet","status":"publish","type":"post","link":"https:\/\/www.frankensicht.de\/?p=6406","title":{"rendered":"\u201eBayerns Wirtsh\u00e4user sind ein starkes St\u00fcck Kultur und Lebensqualit\u00e4t\u201c"},"content":{"rendered":"<p>N\u00fcrnberg:<br \/>\nBayerns Wirtschaftsstaatssekret\u00e4r Franz Josef Pschierer hat die Tourismusakteure zum Bayerischen Tourismustag in die Frankenmetropole N\u00fcrnberg eingeladen. Unter dem Motto \u201aUnser Wirtshaus \u2013 ein Kulturgut im Wandel\u2018 besch\u00e4ftigen sich die Vertreter der wei\u00df-blauen Tourismuswirtschaft und -politik mit der traditionsreichen Institution des bayerischen Wirtshauses. Pschierer betont: \u201eDas Wirtshaus mit seiner Geschichte, Tradition und gesellschaftlichen Bedeutung ist aus Bayern nicht wegzudenken. Es ist fester Bestandteil unserer gelebten bayerischen Kultur und hat unser Gemeinschaftsgef\u00fchl gepr\u00e4gt. Denn es ist nicht nur Ort des kulinarischen Genusses, sondern erf\u00fcllt dar\u00fcber hinaus eine soziale Funktion. Ob Familienfeiern, Meinungsaustausch oder geselliges Beisammensein \u2013 im Wirtshaus kommt der gesamte Ort zusammen. Es stiftet Gemeinschaft und Identit\u00e4t. Diese Sinnstiftung macht das traditionelle Wirtshaus zum Erfolgsfaktor f\u00fcr den Bayerntourismus.\u201c<\/p>\n<p><a href=\"https:\/\/www.frankensicht.de\/?attachment_id=6409\" rel=\"attachment wp-att-6409\"><img loading=\"lazy\" decoding=\"async\" class=\"alignnone size-medium wp-image-6409\" alt=\"P1010974\" src=\"https:\/\/www.frankensicht.de\/wp-content\/uploads\/2013\/11\/P1010974-300x225.jpg\" width=\"300\" height=\"225\" srcset=\"https:\/\/www.frankensicht.de\/wp-content\/uploads\/2013\/11\/P1010974-300x225.jpg 300w, https:\/\/www.frankensicht.de\/wp-content\/uploads\/2013\/11\/P1010974.jpg 640w\" sizes=\"auto, (max-width: 300px) 100vw, 300px\" \/><\/a><\/p>\n<p>Ankn\u00fcpfend daran setzt der Bayerntourismus in seinen Marketingaktionen auf die Emotionen und das Image des Freistaates bei seinen G\u00e4sten, dabei besonders bei den j\u00fcngsten Kampagnen \u201aBayern.MeinWinterLichtBlick\u2018 und \u201aLeben.F\u00fchlen.Bayern\u2018. Teil davon ist auch das traditionelle Wirtshaus und die bayerische Wirtshauskultur. Pschierer verspricht: \u201eIch setze mich deshalb daf\u00fcr ein, das Kulturgut Wirtshaus auch in Zukunft zu bewahren.\u201c<\/p>\n<p>Die traditionellen bayerischen Wirtsh\u00e4user stehen vor allem auf dem Land allerdings vor gro\u00dfen, zum Teil existenzbedrohenden Herausforderungen. Daher geht Prof. Hans Hopfinger, Inhaber des Lehrstuhls f\u00fcr Kulturgeographie an der Katholischen Universit\u00e4t Eichst\u00e4tt-Ingolstadt, in seinem Vortrag \u201aGenuss mit Geschichte \u2013 Die Wirtshauskultur in Bayern im Wandel\u2018 insbesondere auf die wirtschaftlichen Problemstellungen der bayerischen Wirtsh\u00e4user ein. Erfolgreiche Gesch\u00e4ftsmodelle zeigen die beiden Praxisbeispiele aus R\u00f6dental (\u201aDer Grosch \u2013 Gastlichkeit seit 1425\u2018) und aus Altenau (\u201aEin Dorf wird Wirt\u2018). Einen humoristischen Beitrag zum Tourismustag liefert der bekannte Kabarettist Django As\u00fcl mit seinen Erkenntnissen zum \u201aUrlaub in Bayern \u2013 die wahre Erleuchtung\u2018.<\/p>\n<p>Der Bayerische Tourismustag ist das j\u00e4hrliche Branchentreffen der Tourismusakteure des Freistaats. Er findet abwechselnd in M\u00fcnchen und N\u00fcrnberg statt. Veranstalter ist das Bayerische Wirtschaftsministerium. \u00dcber 600 Besucher aus allen Tourismusregionen nehmen in diesem Jahr teil.<\/p>\n<p>Weitere Informationen zum Programm des Bayerischen Tourismustags 2013 und zus\u00e4tzliche Inhalte sind im Internet unter folgender Adresse zu finden: www.stmwmet.bayern.de\/tourismus\/bayerischer-tourismustag.<\/p>\n<p>Quelle: stmwivt.bayern.de<\/p>\n","protected":false},"excerpt":{"rendered":"<p>N\u00fcrnberg: Bayerns Wirtschaftsstaatssekret\u00e4r Franz Josef Pschierer hat die Tourismusakteure zum Bayerischen Tourismustag in die Frankenmetropole N\u00fcrnberg eingeladen. Unter dem Motto \u201aUnser Wirtshaus \u2013 ein Kulturgut im Wandel\u2018 besch\u00e4ftigen sich die Vertreter der wei\u00df-blauen Tourismuswirtschaft und -politik mit der traditionsreichen Institution des bayerischen Wirtshauses. Pschierer betont: \u201eDas Wirtshaus mit seiner Geschichte, Tradition und gesellschaftlichen Bedeutung ist [&hellip;]<\/p>\n","protected":false},"author":7,"featured_media":6409,"comment_status":"open","ping_status":"open","sticky":false,"template":"","format":"standard","meta":{"footnotes":""},"categories":[71,85,100],"tags":[1353],"class_list":["post-6406","post","type-post","status-publish","format-standard","has-post-thumbnail","hentry","category-menue","category-mittelfranken","category-nurnberg-mittelfranken","tag-wirtshaeuser"],"_links":{"self":[{"href":"https:\/\/www.frankensicht.de\/index.php?rest_route=\/wp\/v2\/posts\/6406","targetHints":{"allow":["GET"]}}],"collection":[{"href":"https:\/\/www.frankensicht.de\/index.php?rest_route=\/wp\/v2\/posts"}],"about":[{"href":"https:\/\/www.frankensicht.de\/index.php?rest_route=\/wp\/v2\/types\/post"}],"author":[{"embeddable":true,"href":"https:\/\/www.frankensicht.de\/index.php?rest_route=\/wp\/v2\/users\/7"}],"replies":[{"embeddable":true,"href":"https:\/\/www.frankensicht.de\/index.php?rest_route=%2Fwp%2Fv2%2Fcomments&post=6406"}],"version-history":[{"count":0,"href":"https:\/\/www.frankensicht.de\/index.php?rest_route=\/wp\/v2\/posts\/6406\/revisions"}],"wp:featuredmedia":[{"embeddable":true,"href":"https:\/\/www.frankensicht.de\/index.php?rest_route=\/wp\/v2\/media\/6409"}],"wp:attachment":[{"href":"https:\/\/www.frankensicht.de\/index.php?rest_route=%2Fwp%2Fv2%2Fmedia&parent=6406"}],"wp:term":[{"taxonomy":"category","embeddable":true,"href":"https:\/\/www.frankensicht.de\/index.php?rest_route=%2Fwp%2Fv2%2Fcategories&post=6406"},{"taxonomy":"post_tag","embeddable":true,"href":"https:\/\/www.frankensicht.de\/index.php?rest_route=%2Fwp%2Fv2%2Ftags&post=6406"}],"curies":[{"name":"wp","href":"https:\/\/api.w.org\/{rel}","templated":true}]}}