{"id":6373,"date":"2013-11-07T09:00:28","date_gmt":"2013-11-07T08:00:28","guid":{"rendered":"http:\/\/www.frankensicht.de\/?p=6373"},"modified":"2013-11-07T09:00:28","modified_gmt":"2013-11-07T08:00:28","slug":"bundeswirtschaftsministerium-startet-pilotprojekt-datenschutz-zertifizierung-von-cloud-diensten","status":"publish","type":"post","link":"https:\/\/www.frankensicht.de\/?p=6373","title":{"rendered":"Bundeswirtschaftsministerium startet Pilotprojekt &#8222;Datenschutz-Zertifizierung von Cloud-Diensten&#8220;"},"content":{"rendered":"<p><span style=\"color: #ff0000;\">Berlin:<\/span><\/p>\n<p>Im Bundesministerium f\u00fcr Wirtschaft und Technologie (BMWi) in Berlin ist heute<br \/>\nder Startschuss f\u00fcr das Pilotprojekt &#8222;Datenschutz-Zertifizierung f\u00fcr Cloud<br \/>\nComputing&#8220; gefallen. Ziel des Vorhabens ist es, geeignete<br \/>\nZertifizierungsverfahren f\u00fcr Cloud-Dienste<br \/>\n&lt;http:\/\/www.bmwi.de\/DE\/Themen\/Digitale-Welt\/Internet-der-Zukunft\/cloud-computing.html&gt;<br \/>\nzu entwickeln, um ein hohes Datenschutzniveau f\u00fcr die Nutzer der Dienste<br \/>\nsicherzustellen. Denn f\u00fcr einzelne Cloud-Nutzer ist es nahezu unm\u00f6glich, die<br \/>\nRechtskonformit\u00e4t der Datenverarbeitung sowie die technischen und<br \/>\norganisatorischen Vorkehrungen des Cloud-Anbieters eigenst\u00e4ndig zu \u00fcberpr\u00fcfen.<\/p>\n<p><a href=\"https:\/\/www.frankensicht.de\/?attachment_id=6376\" rel=\"attachment wp-att-6376\"><img loading=\"lazy\" decoding=\"async\" class=\"alignnone size-medium wp-image-6376\" alt=\"P1000861\" src=\"https:\/\/www.frankensicht.de\/wp-content\/uploads\/2013\/11\/P1000861-300x225.jpg\" width=\"300\" height=\"225\" srcset=\"https:\/\/www.frankensicht.de\/wp-content\/uploads\/2013\/11\/P1000861-300x225.jpg 300w, https:\/\/www.frankensicht.de\/wp-content\/uploads\/2013\/11\/P1000861.jpg 640w\" sizes=\"auto, (max-width: 300px) 100vw, 300px\" \/><\/a><\/p>\n<p>Das mit Hilfe des Pilotvorhabens entwickelte Datenschutz-Zertifizierungsverfahren<br \/>\nsoll k\u00fcnftig von unabh\u00e4ngigen Zertifizierungsstellen f\u00fcr alle Cloud-Anbieter zur<br \/>\nVerf\u00fcgung stehen.<\/p>\n<p>Das Pilotvorhaben wird vom Kompetenzzentrum des BMWi-Technologieprogramms<br \/>\n&#8222;Trusted Cloud&#8220; durchgef\u00fchrt. An dem Pilotprojekt sind alle ma\u00dfgeblichen Akteure<br \/>\nbeteiligt, darunter mehrere Datenschutzbeh\u00f6rden, Anbieter und Anwender von<br \/>\nCloud-Diensten sowie Unternehmen aus den Bereichen der IT-Pr\u00fcfung und<br \/>\nIT-Rechtsberatung. Das Projekt soll im Fr\u00fchjahr 2015 abgeschlossen werden.<\/p>\n<p>\u00dcber das BMWi-Technologieprogramm &#8222;Trusted Cloud&#8220;<\/p>\n<p>Ziel des BMWi-Technologieprogramms &#8222;Trusted Cloud&#8220; ist es, innovative, sichere<br \/>\nund rechtskonforme Cloud-Computing-L\u00f6sungen zu entwickeln und zu erproben. 14<br \/>\nProjekte mit Beteiligten aus insgesamt 36 Unternehmen, 27 wissenschaftlichen<br \/>\nEinrichtungen und vier weiteren Institutionen erarbeiten Technologien und<br \/>\nCloud-Anwendungen f\u00fcr die Bereiche Industrie, Handwerk, Gesundheit und den<br \/>\n\u00f6ffentlichen Sektor. Das Technologieprogramm Trusted Cloud ist innerhalb des<br \/>\nBMWi-Aktionsprogramms Cloud Computing ein zentraler Bestandteil der IKT-Strategie<br \/>\n&#8222;Deutschland Digital 2015&#8220; und der &#8222;Hightech-Strategie&#8220; der Bundesregierung.<br \/>\nWeitere Informationen finden Sie auf der Website zum Technologieprogramm Trusted<br \/>\nCloud &lt;http:\/\/www.trusted-cloud.de&gt;.<\/p>\n<p>Quelle: bmwi.bund.de<\/p>\n","protected":false},"excerpt":{"rendered":"<p>Berlin: Im Bundesministerium f\u00fcr Wirtschaft und Technologie (BMWi) in Berlin ist heute der Startschuss f\u00fcr das Pilotprojekt &#8222;Datenschutz-Zertifizierung f\u00fcr Cloud Computing&#8220; gefallen. Ziel des Vorhabens ist es, geeignete Zertifizierungsverfahren f\u00fcr Cloud-Dienste &lt;http:\/\/www.bmwi.de\/DE\/Themen\/Digitale-Welt\/Internet-der-Zukunft\/cloud-computing.html&gt; zu entwickeln, um ein hohes Datenschutzniveau f\u00fcr die Nutzer der Dienste sicherzustellen. Denn f\u00fcr einzelne Cloud-Nutzer ist es nahezu unm\u00f6glich, die Rechtskonformit\u00e4t der [&hellip;]<\/p>\n","protected":false},"author":7,"featured_media":6376,"comment_status":"open","ping_status":"open","sticky":false,"template":"","format":"standard","meta":{"footnotes":""},"categories":[44,3],"tags":[1005],"class_list":["post-6373","post","type-post","status-publish","format-standard","has-post-thumbnail","hentry","category-deutschland-2","category-news","tag-cloud"],"_links":{"self":[{"href":"https:\/\/www.frankensicht.de\/index.php?rest_route=\/wp\/v2\/posts\/6373","targetHints":{"allow":["GET"]}}],"collection":[{"href":"https:\/\/www.frankensicht.de\/index.php?rest_route=\/wp\/v2\/posts"}],"about":[{"href":"https:\/\/www.frankensicht.de\/index.php?rest_route=\/wp\/v2\/types\/post"}],"author":[{"embeddable":true,"href":"https:\/\/www.frankensicht.de\/index.php?rest_route=\/wp\/v2\/users\/7"}],"replies":[{"embeddable":true,"href":"https:\/\/www.frankensicht.de\/index.php?rest_route=%2Fwp%2Fv2%2Fcomments&post=6373"}],"version-history":[{"count":0,"href":"https:\/\/www.frankensicht.de\/index.php?rest_route=\/wp\/v2\/posts\/6373\/revisions"}],"wp:featuredmedia":[{"embeddable":true,"href":"https:\/\/www.frankensicht.de\/index.php?rest_route=\/wp\/v2\/media\/6376"}],"wp:attachment":[{"href":"https:\/\/www.frankensicht.de\/index.php?rest_route=%2Fwp%2Fv2%2Fmedia&parent=6373"}],"wp:term":[{"taxonomy":"category","embeddable":true,"href":"https:\/\/www.frankensicht.de\/index.php?rest_route=%2Fwp%2Fv2%2Fcategories&post=6373"},{"taxonomy":"post_tag","embeddable":true,"href":"https:\/\/www.frankensicht.de\/index.php?rest_route=%2Fwp%2Fv2%2Ftags&post=6373"}],"curies":[{"name":"wp","href":"https:\/\/api.w.org\/{rel}","templated":true}]}}