{"id":6346,"date":"2013-10-28T13:31:10","date_gmt":"2013-10-28T12:31:10","guid":{"rendered":"http:\/\/www.frankensicht.de\/?p=6346"},"modified":"2013-10-28T13:31:10","modified_gmt":"2013-10-28T12:31:10","slug":"sondermarke-willy-brandt","status":"publish","type":"post","link":"https:\/\/www.frankensicht.de\/?p=6346","title":{"rendered":"Sondermarke Willy Brandt"},"content":{"rendered":"<p><span style=\"color: #ff0000;\">Berlin:<\/span><\/p>\n<p>Patriot, Europ\u00e4er, Weltb\u00fcrger &#8211; Staatssekret\u00e4r Werner Gatzer stellt in L\u00fcbeck die Sonderbriefmarke zum 100. Geburtstag von Willy Brandt vor<br \/>\n<a href=\"https:\/\/www.frankensicht.de\/?attachment_id=6347\" rel=\"attachment wp-att-6347\"><img loading=\"lazy\" decoding=\"async\" class=\"alignnone size-medium wp-image-6347\" alt=\"1311_Brandt\" src=\"https:\/\/www.frankensicht.de\/wp-content\/uploads\/2013\/10\/1311_Brandt-300x161.jpg\" width=\"300\" height=\"161\" srcset=\"https:\/\/www.frankensicht.de\/wp-content\/uploads\/2013\/10\/1311_Brandt-300x161.jpg 300w, https:\/\/www.frankensicht.de\/wp-content\/uploads\/2013\/10\/1311_Brandt.jpg 620w\" sizes=\"auto, (max-width: 300px) 100vw, 300px\" \/><\/a><br \/>\n100. Geburtstag Willy Brandt November 2013 (Ausgabetag: 02.11.2013)<\/p>\n<p>Patriot, Europ\u00e4er, Weltb\u00fcrger &#8211; Willy Brandt verk\u00f6rperte alle drei. Er war einer der herausragenden Staatsm\u00e4nner des 20. Jahrhunderts. Zu seinem 100. Geburtstag wird der verdienstvolle Politiker mit einer Sonderbriefmarke geehrt. Sie wird vom Bundesministerium der Finanzen im November 2013 herausgegeben.<\/p>\n<p>Das Sonderpostwertzeichen \u201e100. Geburtstag Willy Brandt\u201c wird von Werner Gatzer, Staatssekret\u00e4r im Bundesministerium der Finanzen, vorgestellt:<\/p>\n<p>am 29. Oktober 2013<\/p>\n<p>um 11.00 Uhr<\/p>\n<p>im Willy-Brandt-Haus L\u00fcbeck,<\/p>\n<p>K\u00f6nigstra\u00dfe 21,<\/p>\n<p>23552 L\u00fcbeck<\/p>\n<p>Alben mit Erstdrucken der Briefmarke \u00fcberreicht Staatssekret\u00e4r Gatzer an Bernd Saxe, B\u00fcrgermeister der Hansestadt L\u00fcbeck, an Karsten Brenner, Ministerialdirektor a.D. und Vorstandsvorsitzender der Bundeskanzler-Willy-Brandt-Stiftung, sowie an Bj\u00f6rn Engholm, ehemaliger Ministerpr\u00e4sident des Landes Schleswig-Holstein.<\/p>\n<p>Am 18. Dezember dieses Jahres w\u00e4re Willy Brandt 100 Jahre alt geworden. 1913 in L\u00fcbeck geboren, leistete der Sozialdemokrat Widerstand gegen die national\u00adsozialistische Diktatur. 1933 ging er ins Exil nach Norwegen und sp\u00e4ter nach Schweden.<\/p>\n<p>Nach dem Zweiten Weltkrieg wirkte Brandt am Wiederaufbau der Demokratie in Deutschland mit. Von 1957 bis 1966 verteidigte er als Regierender B\u00fcrgermeister die Freiheit West-Berlins und f\u00fchrte die Stadt durch die Krise des Mauerbaus.<\/p>\n<p>Als Au\u00dfenminister ab 1966 und als Bundeskanzler ab 1969 trieb Brandt die Einigung Europas voran. Seine \u201eNeue Ostpolitik\u201c trug entscheidend zur westlichen Entspannungspolitik bei und st\u00e4rkte das Zusammen-geh\u00f6rigkeitsgef\u00fchl der Deutschen in den Jahrzehnten der deutschen Teilung. Der Fall der Berliner Mauer 1989 und die Deutsche Einheit 1990, f\u00fcr die auch seine Politik die Voraussetzungen schuf, sollten sein Lebenswerk kr\u00f6nen.<\/p>\n<p>1971 erhielt Brandt den Friedensnobelpreis.<\/p>\n<p>Nach seinem R\u00fccktritt als Kanzler 1974 setzte sich Brandt vor allem daf\u00fcr ein, die Kluft zwischen den reichen und den armen Staaten dieser Welt zu \u00fcberwinden.<\/p>\n<p>Der Grafiker Ingo Wulff aus Kiel gestaltete das Sonderpostwertzeichen, das einen Wert von 58 Cent hat.<\/p>\n<p>Die Briefmarke ist vom 2. November 2013 an in den Verkaufsstellen der Deutschen Post AG erh\u00e4ltlich.<\/p>\n<p>Quelle:\u00a0bundesfinanzministerium.de<\/p>\n","protected":false},"excerpt":{"rendered":"<p>Berlin: Patriot, Europ\u00e4er, Weltb\u00fcrger &#8211; Staatssekret\u00e4r Werner Gatzer stellt in L\u00fcbeck die Sonderbriefmarke zum 100. Geburtstag von Willy Brandt vor 100. Geburtstag Willy Brandt November 2013 (Ausgabetag: 02.11.2013) Patriot, Europ\u00e4er, Weltb\u00fcrger &#8211; Willy Brandt verk\u00f6rperte alle drei. Er war einer der herausragenden Staatsm\u00e4nner des 20. Jahrhunderts. Zu seinem 100. Geburtstag wird der verdienstvolle Politiker mit [&hellip;]<\/p>\n","protected":false},"author":7,"featured_media":6347,"comment_status":"open","ping_status":"open","sticky":false,"template":"","format":"standard","meta":{"footnotes":""},"categories":[44,3],"tags":[1341],"class_list":["post-6346","post","type-post","status-publish","format-standard","has-post-thumbnail","hentry","category-deutschland-2","category-news","tag-willy-brandt"],"_links":{"self":[{"href":"https:\/\/www.frankensicht.de\/index.php?rest_route=\/wp\/v2\/posts\/6346","targetHints":{"allow":["GET"]}}],"collection":[{"href":"https:\/\/www.frankensicht.de\/index.php?rest_route=\/wp\/v2\/posts"}],"about":[{"href":"https:\/\/www.frankensicht.de\/index.php?rest_route=\/wp\/v2\/types\/post"}],"author":[{"embeddable":true,"href":"https:\/\/www.frankensicht.de\/index.php?rest_route=\/wp\/v2\/users\/7"}],"replies":[{"embeddable":true,"href":"https:\/\/www.frankensicht.de\/index.php?rest_route=%2Fwp%2Fv2%2Fcomments&post=6346"}],"version-history":[{"count":0,"href":"https:\/\/www.frankensicht.de\/index.php?rest_route=\/wp\/v2\/posts\/6346\/revisions"}],"wp:featuredmedia":[{"embeddable":true,"href":"https:\/\/www.frankensicht.de\/index.php?rest_route=\/wp\/v2\/media\/6347"}],"wp:attachment":[{"href":"https:\/\/www.frankensicht.de\/index.php?rest_route=%2Fwp%2Fv2%2Fmedia&parent=6346"}],"wp:term":[{"taxonomy":"category","embeddable":true,"href":"https:\/\/www.frankensicht.de\/index.php?rest_route=%2Fwp%2Fv2%2Fcategories&post=6346"},{"taxonomy":"post_tag","embeddable":true,"href":"https:\/\/www.frankensicht.de\/index.php?rest_route=%2Fwp%2Fv2%2Ftags&post=6346"}],"curies":[{"name":"wp","href":"https:\/\/api.w.org\/{rel}","templated":true}]}}