{"id":6319,"date":"2013-10-25T12:10:11","date_gmt":"2013-10-25T10:10:11","guid":{"rendered":"http:\/\/www.frankensicht.de\/?p=6319"},"modified":"2013-10-25T12:10:11","modified_gmt":"2013-10-25T10:10:11","slug":"kristina-schroeder-kuendigt-verlaengerung-des-esf-modellprogramms-perspektive-wiedereinstieg-an","status":"publish","type":"post","link":"https:\/\/www.frankensicht.de\/?p=6319","title":{"rendered":"Kristina Schr\u00f6der k\u00fcndigt Verl\u00e4ngerung des ESF-Modellprogramms &#8222;Perspektive Wiedereinstieg&#8220; an"},"content":{"rendered":"<p><span style=\"color: #ff0000;\">Berlin:<\/span><\/p>\n<p>Um Frauen nach einer l\u00e4ngeren familienbedingten Erwerbsunterbrechung beim<br \/>\nberuflichen Wiedereinstieg auch weiterhin zu unterst\u00fctzen, verl\u00e4ngert das<br \/>\nBundesministerium f\u00fcr Familie, Senioren, Frauen und Jugend das Modellprogramm<br \/>\n&#8222;Perspektive Wiedereinstieg&#8220; bis Ende August 2014 und stellt daf\u00fcr Mittel in H\u00f6he<br \/>\nvon zwei Millionen Euro aus dem Europ\u00e4ischen Sozialfonds (ESF) zur Verf\u00fcgung.<\/p>\n<p>&#8222;Wir wollen Frauen beim Wiedereinstieg in den Beruf unterst\u00fctzen. Ich freue mich<br \/>\ndeshalb, dass es uns gelungen ist, zus\u00e4tzliche ESF-Mittel bereitzustellen, damit<br \/>\ndie erfolgreichen Projekte von Perspektive Wiedereinstieg fortgef\u00fchrt werden<br \/>\nk\u00f6nnen&#8220;, sagte die Bundesministerin f\u00fcr Familie, Senioren, Frauen und Jugend,<br \/>\nKristina Schr\u00f6der. &#8222;Gemeinsam mit der Bundesagentur f\u00fcr Arbeit k\u00f6nnen wir Frauen<br \/>\nbeim Wiedereinstieg in sozialversicherungspflichtige Besch\u00e4ftigung helfen. Wir<br \/>\nwerden die innovativen Online-Qualifizierungen weiter erproben und vor allem die<br \/>\nvorhandenen Strukturen und Netzwerke vor Ort aufrechterhalten&#8220;, so die<br \/>\nBundesfamilienministerin.<\/p>\n<p><a href=\"https:\/\/www.frankensicht.de\/?attachment_id=1235\" rel=\"attachment wp-att-1235\"><img loading=\"lazy\" decoding=\"async\" class=\"alignnone size-full wp-image-1235\" alt=\"stop\" src=\"https:\/\/www.frankensicht.de\/wp-content\/uploads\/2012\/05\/stop.png\" width=\"274\" height=\"258\" \/><\/a><\/p>\n<p>Das ESF-Programm &#8222;Perspektive Wiedereinstieg&#8220; startete im M\u00e4rz 2009. In einer<br \/>\nersten Programmphase wurden bis Februar 2012 mehr als 17.000<br \/>\nWiedereinsteigerinnen und Wiedereinsteiger aus der &#8222;Stillen Reserve&#8220; informiert<br \/>\nund beraten, 4.660 Frauen wurden durch die Projekttr\u00e4ger intensiv begleitet und<br \/>\n69 Prozent der Teilnehmerinnen mit abgeschlossenem Projektverlauf konnten<br \/>\nintegriert werden. Die Konzepte, die sich in der Praxis besonders bew\u00e4hrt haben,<br \/>\nwurden zum 1. Januar 2013 von der Bundesagentur f\u00fcr Arbeit \u00fcbernommen. Damit<br \/>\nfinden Wiedereinsteigerinnen k\u00fcnftig bundesweit \u00e4hnlich gute<br \/>\nUnterst\u00fctzungsbedingungen vor wie bisher nur an den Modellstandorten, sofern sich<br \/>\nKooperationspartner finden, die f\u00fcr die Finanzierung der ersten<br \/>\nOrientierungsphase aufkommen.<\/p>\n<p>Die Erfahrungen aus dieser ersten Programmphase haben gezeigt, dass vor allem<br \/>\nFrauen in Westdeutschland noch zu selten ein dauerhafter Wiedereinstieg nach<br \/>\neiner l\u00e4ngeren Erwerbsunterbrechung gelingt. Statt einer qualifizierten,<br \/>\nvollzeitnahen T\u00e4tigkeit nehmen sie oftmals eine geringf\u00fcgige (Teilzeit-)<br \/>\nBesch\u00e4ftigung auf, die vor allem mit Blick auf eine eigenst\u00e4ndige<br \/>\nExistenzsicherung und die Absicherung im Alter problematisch ist.<\/p>\n<p>Hier setzt die zweite Programmphase des Modellprogramms an, die im M\u00e4rz 2012<br \/>\ngestartet ist. Durch Aktivierung von (Ehe-) Partnern, Arbeitgebern,<br \/>\nArbeitsagenturen und haushaltsnahen Dienstleistern sollen Frauen dabei<br \/>\nunterst\u00fctzt werden, dass ein qualifikationsad\u00e4quater und m\u00f6glichst vollzeitnaher<br \/>\nWiedereinstieg auch nach einer l\u00e4ngeren familienbedingten Erwerbsunterbrechung<br \/>\ngelingt. Insbesondere Frauen in akademischen Berufen haben beim beruflichen<br \/>\nWiedereinstieg Schwierigkeiten. Daher wird in der zweiten Programmphase der<br \/>\nWiedereinstieg von Akademikerinnen durch das Angebot passgenauer<br \/>\nWeiterbildungsmodule begleitet, die seit Mitte 2013 auch in Form von E-Learning<br \/>\nangeboten werden. Diese zweite Programmphase war urspr\u00fcnglich bis zum 31.<br \/>\nDezember 2013 begrenzt und wird nun bis Ende August 2014 verl\u00e4ngert. Dies<br \/>\n\u00fcberbr\u00fcckt die Zeit bis zum Start des neuen Modellprogramms in der kommenden<br \/>\nESF-F\u00f6rderperiode 2014 bis 2020. Das Bundesfamilienministerium plant in der<br \/>\nkommenden ESF-F\u00f6rderperiode, die erfolgreiche Arbeit fortzusetzen und das<br \/>\nModellprogramm mit neuen Bausteinen weiter zu entwickeln.<\/p>\n<p>Das ESF-Modellprogramm ist mit seinen derzeit zehn Modellstandorten ein Baustein<br \/>\ndes Aktionsprogramms &#8222;Perspektive Wiedereinstieg&#8220; der Bundesregierung, das im<br \/>\nM\u00e4rz 2008 gestartet wurde. Ein weiterer Baustein ist das Lotsenportal<br \/>\nwww.perspektive-wiedereinstieg.de &lt;http:\/\/www.perspektive-wiedereinstieg.de&gt;. Das<br \/>\nvom Bundesfamilienministerium und der Bundesagentur f\u00fcr Arbeit gemeinsam<br \/>\ngetragene Portal weist den Weg zu Beratungsangeboten und Programmen von Bund,<br \/>\nL\u00e4ndern, Kommunen sowie Arbeitsagenturen. Neben Frauen, ihren Partnern und<br \/>\nFamilien werden hier auch Unternehmen angesprochen.<\/p>\n<p>Mit dem seit Mai 2011 auf dem Internetportal freigeschalteten<br \/>\nWiedereinstiegsrechner www.wiedereinstiegsrechner.de<br \/>\n&lt;http:\/\/www.wiedereinstiegsrechner.de&gt; k\u00f6nnen Nutzerinnen und Nutzer den<br \/>\npers\u00f6nlichen wirtschaftlichen Vorteil eines Wiedereinstiegs in den Beruf nach<br \/>\neiner l\u00e4ngeren familienbedingten Erwerbsunterbrechung berechnen. Der<br \/>\nWiedereinstiegsrechner verdeutlicht dass sich der Wiedereinstieg in eine<br \/>\nsozialversicherungspflichtige Besch\u00e4ftigung lohnt.<\/p>\n<p>Das Aktionsprogramm &#8222;Perspektive Wiedereinstieg&#8220; wurde 2013 mit dem United<br \/>\nNations Public Service Award ausgezeichnet. Damit haben auch die Vereinten<br \/>\nNationen die innovative Umsetzung einer politischen Idee durch die beiden<br \/>\nKooperationspartner und ihr Netzwerk gew\u00fcrdigt.<\/p>\n<p>Quelle: bmfsfj.bund.de<\/p>\n","protected":false},"excerpt":{"rendered":"<p>Berlin: Um Frauen nach einer l\u00e4ngeren familienbedingten Erwerbsunterbrechung beim beruflichen Wiedereinstieg auch weiterhin zu unterst\u00fctzen, verl\u00e4ngert das Bundesministerium f\u00fcr Familie, Senioren, Frauen und Jugend das Modellprogramm &#8222;Perspektive Wiedereinstieg&#8220; bis Ende August 2014 und stellt daf\u00fcr Mittel in H\u00f6he von zwei Millionen Euro aus dem Europ\u00e4ischen Sozialfonds (ESF) zur Verf\u00fcgung. &#8222;Wir wollen Frauen beim Wiedereinstieg in [&hellip;]<\/p>\n","protected":false},"author":7,"featured_media":1235,"comment_status":"open","ping_status":"open","sticky":false,"template":"","format":"standard","meta":{"footnotes":""},"categories":[44,3],"tags":[1336],"class_list":["post-6319","post","type-post","status-publish","format-standard","has-post-thumbnail","hentry","category-deutschland-2","category-news","tag-wiedereinstieg-in-berufsleben"],"_links":{"self":[{"href":"https:\/\/www.frankensicht.de\/index.php?rest_route=\/wp\/v2\/posts\/6319","targetHints":{"allow":["GET"]}}],"collection":[{"href":"https:\/\/www.frankensicht.de\/index.php?rest_route=\/wp\/v2\/posts"}],"about":[{"href":"https:\/\/www.frankensicht.de\/index.php?rest_route=\/wp\/v2\/types\/post"}],"author":[{"embeddable":true,"href":"https:\/\/www.frankensicht.de\/index.php?rest_route=\/wp\/v2\/users\/7"}],"replies":[{"embeddable":true,"href":"https:\/\/www.frankensicht.de\/index.php?rest_route=%2Fwp%2Fv2%2Fcomments&post=6319"}],"version-history":[{"count":0,"href":"https:\/\/www.frankensicht.de\/index.php?rest_route=\/wp\/v2\/posts\/6319\/revisions"}],"wp:featuredmedia":[{"embeddable":true,"href":"https:\/\/www.frankensicht.de\/index.php?rest_route=\/wp\/v2\/media\/1235"}],"wp:attachment":[{"href":"https:\/\/www.frankensicht.de\/index.php?rest_route=%2Fwp%2Fv2%2Fmedia&parent=6319"}],"wp:term":[{"taxonomy":"category","embeddable":true,"href":"https:\/\/www.frankensicht.de\/index.php?rest_route=%2Fwp%2Fv2%2Fcategories&post=6319"},{"taxonomy":"post_tag","embeddable":true,"href":"https:\/\/www.frankensicht.de\/index.php?rest_route=%2Fwp%2Fv2%2Ftags&post=6319"}],"curies":[{"name":"wp","href":"https:\/\/api.w.org\/{rel}","templated":true}]}}