{"id":6306,"date":"2013-10-22T11:06:58","date_gmt":"2013-10-22T09:06:58","guid":{"rendered":"http:\/\/www.frankensicht.de\/?p=6306"},"modified":"2013-10-22T11:06:58","modified_gmt":"2013-10-22T09:06:58","slug":"neue-alexander-von-humboldt-professoren-ausgewaehlt","status":"publish","type":"post","link":"https:\/\/www.frankensicht.de\/?p=6306","title":{"rendered":"Neue Alexander von Humboldt-Professoren ausgew\u00e4hlt"},"content":{"rendered":"<p><span style=\"color: #ff0000;\">Berlin:<\/span><\/p>\n<p>Zwei Forscherinnen und vier Forscher aus dem Ausland erhalten h\u00f6chstdotierten internationalen Forschungspreis Deutschlands<br \/>\nEine Umwelt\u00f6konomin aus der Schweiz, eine Quantenphysikerin aus \u00d6sterreich sowie drei Physiker und ein Mathematiker aus den USA wurden f\u00fcr die Alexander von Humboldt-Professur ausgew\u00e4hlt. Der mit jeweils bis zu f\u00fcnf Millionen Euro dotierte Preis wird von der Alexander von Humboldt-Stiftung vergeben und vom Bundesministerium f\u00fcr Bildung und Forschung finanziert. Mit der Alexander von Humboldt-Professur zeichnet die Stiftung weltweit f\u00fchrende und im Ausland t\u00e4tige Forscherinnen und Forscher aller Disziplinen aus. Sie sollen langfristig zukunftsweisende Forschung an deutschen Hochschulen durchf\u00fchren.<\/p>\n<p><a href=\"https:\/\/www.frankensicht.de\/?attachment_id=6309\" rel=\"attachment wp-att-6309\"><img loading=\"lazy\" decoding=\"async\" class=\"alignnone size-full wp-image-6309\" alt=\"ball1\" src=\"https:\/\/www.frankensicht.de\/wp-content\/uploads\/2013\/10\/ball1.jpg\" width=\"640\" height=\"480\" srcset=\"https:\/\/www.frankensicht.de\/wp-content\/uploads\/2013\/10\/ball1.jpg 640w, https:\/\/www.frankensicht.de\/wp-content\/uploads\/2013\/10\/ball1-300x225.jpg 300w\" sizes=\"auto, (max-width: 640px) 100vw, 640px\" \/><\/a><\/p>\n<p>Die ausgew\u00e4hlten Preistr\u00e4gerinnen und Preistr\u00e4ger, die in der nun zweiten Runde dieses Jahres ausgew\u00e4hlt wurden, treten jetzt in Berufungsverhandlungen mit den deutschen Universit\u00e4ten, die sie f\u00fcr den Preis nominierten:<\/p>\n<p>Stefanie Engel (45), Umwelt\u00f6konomin an der Eidgen\u00f6ssischen Technischen Hochschule, Z\u00fcrich, Schweiz, wurde von der Universit\u00e4t Osnabr\u00fcck nominiert.<br \/>\nDie Quantenphysikerin Francesca Ferlaino (35), zurzeit an der Universit\u00e4t Innsbruck, \u00d6sterreich, t\u00e4tig, wurde von der Universit\u00e4t Ulm nominiert.<br \/>\nAndreas Ludwig ist Theoretischer Physiker an der University of California, Santa Barbara, USA. Er soll k\u00fcnftig an der Universit\u00e4t zu K\u00f6ln forschen.<br \/>\nDer Festk\u00f6rperphysiker Stuart Parkin (57) wurde von der Martin-Luther-Universit\u00e4t Halle-Wittenberg gemeinsam mit dem Max- Planck-Institut f\u00fcr Mikrostrukturphysik, Halle, nominiert. Er forscht zurzeit am IBM Almaden Research Center, San Jose, USA.<br \/>\nAndreas Schulz (44), Mathematiker am Massachusetts Institute of Technology, Cambridge, USA, wurde von der Technischen Universit\u00e4t M\u00fcnchen nominiert.<br \/>\nJairo Sinova (41) ist Theoretischer Physiker an der Texas A&amp;M University, College Station, USA. Er wurde von der Johannes Gutenberg-Universit\u00e4t Mainz nominiert.<\/p>\n<p>&#8222;Ich freue mich, dass mit den Alexander von Humboldt-Professuren exzellente internationale Wissenschaftler f\u00fcr Deutschland angesprochen werden k\u00f6nnen. Das macht einmal mehr die Attraktivit\u00e4t unseres Wissenschaftsstandortes deutlich. Besonders erfreulich ist, dass erstmals drei Frauen in einem Jahr f\u00fcr eine Humboldt-Professur ausgew\u00e4hlt wurden&#8220;, sagt die Bundesministerin f\u00fcr Bildung und Forschung, Johanna Wanka.<\/p>\n<p>Der Auswahlausschuss der Humboldt-Stiftung hatte \u00fcber 14 Antr\u00e4ge zu entscheiden. Von den Nominierten arbeiten derzeit neun in den USA, zwei in der Schweiz sowie je eine Person in Kanada, \u00d6sterreich und Ungarn.<\/p>\n<p>Das Preisgeld ist f\u00fcr die Finanzierung der ersten f\u00fcnf Jahre in Deutschland bestimmt. Den Hochschulen er\u00f6ffnet der Preis die Chance, internationalen Spitzenkr\u00e4ften konkurrenzf\u00e4hige Rahmenbedingungen und eine langfristige Perspektive f\u00fcr die Arbeit in Deutschland zu bieten sowie ihr eigenes Profil zu sch\u00e4rfen.<\/p>\n<p>Die feierliche Verleihung der Alexander von Humboldt-Professuren an alle 2013 Ausgew\u00e4hlten, die ihre Verhandlungen abgeschlossen haben, findet am 7. Mai 2014 in Berlin statt.<\/p>\n<p>Quelle:bmbf.bund.de<\/p>\n","protected":false},"excerpt":{"rendered":"<p>Berlin: Zwei Forscherinnen und vier Forscher aus dem Ausland erhalten h\u00f6chstdotierten internationalen Forschungspreis Deutschlands Eine Umwelt\u00f6konomin aus der Schweiz, eine Quantenphysikerin aus \u00d6sterreich sowie drei Physiker und ein Mathematiker aus den USA wurden f\u00fcr die Alexander von Humboldt-Professur ausgew\u00e4hlt. Der mit jeweils bis zu f\u00fcnf Millionen Euro dotierte Preis wird von der Alexander von Humboldt-Stiftung [&hellip;]<\/p>\n","protected":false},"author":7,"featured_media":6309,"comment_status":"open","ping_status":"open","sticky":false,"template":"","format":"standard","meta":{"footnotes":""},"categories":[44,3,334],"tags":[1334],"class_list":["post-6306","post","type-post","status-publish","format-standard","has-post-thumbnail","hentry","category-deutschland-2","category-news","category-wissenschaft","tag-professuren"],"_links":{"self":[{"href":"https:\/\/www.frankensicht.de\/index.php?rest_route=\/wp\/v2\/posts\/6306","targetHints":{"allow":["GET"]}}],"collection":[{"href":"https:\/\/www.frankensicht.de\/index.php?rest_route=\/wp\/v2\/posts"}],"about":[{"href":"https:\/\/www.frankensicht.de\/index.php?rest_route=\/wp\/v2\/types\/post"}],"author":[{"embeddable":true,"href":"https:\/\/www.frankensicht.de\/index.php?rest_route=\/wp\/v2\/users\/7"}],"replies":[{"embeddable":true,"href":"https:\/\/www.frankensicht.de\/index.php?rest_route=%2Fwp%2Fv2%2Fcomments&post=6306"}],"version-history":[{"count":0,"href":"https:\/\/www.frankensicht.de\/index.php?rest_route=\/wp\/v2\/posts\/6306\/revisions"}],"wp:featuredmedia":[{"embeddable":true,"href":"https:\/\/www.frankensicht.de\/index.php?rest_route=\/wp\/v2\/media\/6309"}],"wp:attachment":[{"href":"https:\/\/www.frankensicht.de\/index.php?rest_route=%2Fwp%2Fv2%2Fmedia&parent=6306"}],"wp:term":[{"taxonomy":"category","embeddable":true,"href":"https:\/\/www.frankensicht.de\/index.php?rest_route=%2Fwp%2Fv2%2Fcategories&post=6306"},{"taxonomy":"post_tag","embeddable":true,"href":"https:\/\/www.frankensicht.de\/index.php?rest_route=%2Fwp%2Fv2%2Ftags&post=6306"}],"curies":[{"name":"wp","href":"https:\/\/api.w.org\/{rel}","templated":true}]}}